{"id":182604,"date":"2026-05-20T10:46:09","date_gmt":"2026-05-20T10:46:09","guid":{"rendered":"https:\/\/www.europesays.com\/ee\/182604\/"},"modified":"2026-05-20T10:46:09","modified_gmt":"2026-05-20T10:46:09","slug":"wsj-iraani-soda-pani-naftarikka-kuveidi-raskesse-seisu-valismaa","status":"publish","type":"post","link":"https:\/\/www.europesays.com\/ee\/182604\/","title":{"rendered":"WSJ: Iraani s\u00f5da pani naftarikka Kuveidi raskesse seisu | V\u00e4lismaa"},"content":{"rendered":"<p>Ajaleht The Wall Street Journal kirjutab, et 35 aastat tagasi tungis Saddam Husseini juhitud Iraak Kuveiti ning naftariik pidi tootmise peatama. Iraani s\u00f5ja t\u00f5ttu kaotas Kuveit taas oma peamise sissetulekuallika ning riik on sattunud v\u00e4ga keerulisse olukorda.<\/p>\n<p>P\u00e4rast Hormuzi v\u00e4ina sulgemist on Kuveit l\u00f5petanud nafta eksportimise, j\u00e4ttes maailma ilma umbes kahest protsendist vajalikust toornaftast. Samal ajal on sajad Iraani droonid ja raketid t\u00f5siselt kahjustanud Kuveidi naftataristut ning USA s\u00f5jav\u00e4ebaase.<\/p>\n<p>S\u00f5da on n\u00fc\u00fcd paljastanud Kuveidi haavatavuse ja aastak\u00fcmneid kestnud majandusliku seisaku. Kuigi riigi k\u00e4sutuses on ligi triljoni dollari suurune investeerimisfond, on majanduslik kindlustunne langenud madalaimale tasemele p\u00e4rast pandeemia puhkemist.<\/p>\n<p>Kuveidis elab ligi viis miljonit inimest, kuid riik s\u00f5ltub peaaegu t\u00e4ielikult impordist, eriti toidu ja kaupade osas, mis saabuvad peamiselt Saudi Araabiast.\u00a0<\/p>\n<p>&#8220;Ma arvan, et keegi ei kujutanud ette, et ohutu ja tasuta transiit l\u00e4bi Hormuzi v\u00e4ina oleks peaaegu nii kauaks katkenud,&#8221; \u00fctles riigile kuuluva Kuwait Petroleum Co juht Nawaf Saud Al Sabah.\u00a0<\/p>\n<p><a href=\"https:\/\/www.wsj.com\/world\/middle-east\/inside-the-tiny-oil-sheikhdom-cut-off-by-the-iran-war-f2b1f00a?mod=world_lead_pos2\" target=\"_blank\" rel=\"noopener nofollow\">The Wall Street Journal<\/a> toob v\u00e4lja, et Kuveit oli kunagi P\u00e4rsia lahe piirkonna majanduslik ja kultuuriline keskus. Kuveit pole aga endiselt 1990. aasta invasioonist t\u00e4ielikult taastunud, sest poliitilised vaidlused on pidurdanud reforme ning riik ei ole suutnud oma majandust mitmekesistada.<\/p>\n<p>Kuveidi taristu on vananenud ning v\u00f5rreldes A\u00dcE ja Saudi Araabiaga tuleb riiki ka v\u00e4he v\u00e4lisinvesteeringuid.<\/p>\n<p>&#8220;Me ei saa v\u00e4ga kauaks j\u00e4\u00e4da selliseks, nagu oleme,&#8221; \u00fctles ettev\u00f5tja Faisal Al-Mutawa. Tema perekond on importinud riiki p\u00f5lvkondade kaupa tarbekaupu ning ta soovib, et valitsus kontrolliks v\u00e4hem majandust.<\/p>\n<p>Ta m\u00e4rkis, et Kuveit ei ehitanud kunagi raudteeliini ning p\u00e4rast Hormuzi v\u00e4ina sulgemist peab ta kaupa vedama veoautodega. See on t\u00f5stnud kulud mitmekordseks ning ettev\u00f5tja s\u00f5nul peaks Kuveit v\u00f5tma eeskuju Saudi Araabiast ja A\u00dcE-st.<\/p>\n<p>Kuveidi juhid aga leiavad, et riigil on piisavalt raha, et kriis \u00fcle elada. M\u00e4rgitakse, et varasemad s\u00f5jad \u00f5petasid hindama stabiilsust.<\/p>\n<p>&#8220;P\u00fc\u00fcame n\u00fc\u00fcd hinnata ja keskenduda sellele, et oleme vastupidavad, mitte tingimata alati t\u00f5husad,&#8221; \u00fctles majandusminister Abdulaziz AlMarzooq. Ka teised tippametnikud on kindlad, et riik suudab kriisi \u00fcle elada ning sellest taastuda.<\/p>\n<p>&#8220;See ei ole meie esimene kriis ja igast neist oleme \u00f5ppinud aina rohkem ja oleme h\u00e4sti kohanenud,&#8221; \u00fctles Kuwait Petroleum Co juht Nawaf Saud Al Sabah.\u00a0<\/p>\n<p>Kuveidi ametnike s\u00f5nul v\u00f5imaldab naftataristu sulgemine teha ka varem edasi l\u00fckatud hooldust\u00f6id. Ajaleht The Wall Street Journal toob samas v\u00e4lja, et A\u00dcE kiirendab samal ajal teise torujuhtme ehitamist, mis v\u00f5imaldaks riigil juba j\u00e4rgmisel aastal oma ekspordiv\u00f5imsuse kahekordistada.<\/p>\n","protected":false},"excerpt":{"rendered":"Ajaleht The Wall Street Journal kirjutab, et 35 aastat tagasi tungis Saddam Husseini juhitud Iraak Kuveiti ning naftariik&hellip;\n","protected":false},"author":2,"featured_media":182605,"comment_status":"","ping_status":"","sticky":false,"template":"","format":"standard","meta":{"footnotes":"","_share_on_mastodon":"0"},"categories":[5],"tags":[25382,26,27,37,33,35,34,36,31,32,21,1925,17959,28,29,4257,19,46526,25,1049,23,24,22,20,30],"class_list":["post-182604","post","type-post","status-publish","format-standard","has-post-thumbnail","category-uldised-uudised","tag-aue","tag-breaking-news","tag-breakingnews","tag-ee","tag-eesti","tag-eesti-keel","tag-estonia","tag-estonian","tag-featured-news","tag-featurednews","tag-headlines","tag-iraan","tag-kuveit","tag-latest-news","tag-latestnews","tag-nafta","tag-news","tag-parsia-laht","tag-populaarseimad-lood","tag-soda","tag-top-stories","tag-topstories","tag-uldised-uudised","tag-uudised","tag-viimased-uudised"],"share_on_mastodon":{"url":"https:\/\/pubeurope.com\/@ee\/116606506477345033","error":""},"_links":{"self":[{"href":"https:\/\/www.europesays.com\/ee\/wp-json\/wp\/v2\/posts\/182604","targetHints":{"allow":["GET"]}}],"collection":[{"href":"https:\/\/www.europesays.com\/ee\/wp-json\/wp\/v2\/posts"}],"about":[{"href":"https:\/\/www.europesays.com\/ee\/wp-json\/wp\/v2\/types\/post"}],"author":[{"embeddable":true,"href":"https:\/\/www.europesays.com\/ee\/wp-json\/wp\/v2\/users\/2"}],"replies":[{"embeddable":true,"href":"https:\/\/www.europesays.com\/ee\/wp-json\/wp\/v2\/comments?post=182604"}],"version-history":[{"count":0,"href":"https:\/\/www.europesays.com\/ee\/wp-json\/wp\/v2\/posts\/182604\/revisions"}],"wp:featuredmedia":[{"embeddable":true,"href":"https:\/\/www.europesays.com\/ee\/wp-json\/wp\/v2\/media\/182605"}],"wp:attachment":[{"href":"https:\/\/www.europesays.com\/ee\/wp-json\/wp\/v2\/media?parent=182604"}],"wp:term":[{"taxonomy":"category","embeddable":true,"href":"https:\/\/www.europesays.com\/ee\/wp-json\/wp\/v2\/categories?post=182604"},{"taxonomy":"post_tag","embeddable":true,"href":"https:\/\/www.europesays.com\/ee\/wp-json\/wp\/v2\/tags?post=182604"}],"curies":[{"name":"wp","href":"https:\/\/api.w.org\/{rel}","templated":true}]}}