{"id":182774,"date":"2026-05-20T14:45:08","date_gmt":"2026-05-20T14:45:08","guid":{"rendered":"https:\/\/www.europesays.com\/ee\/182774\/"},"modified":"2026-05-20T14:45:08","modified_gmt":"2026-05-20T14:45:08","slug":"paev-kus-olla-pariselt-kohal-anne-stiili-konverents-tuleb-taas","status":"publish","type":"post","link":"https:\/\/www.europesays.com\/ee\/182774\/","title":{"rendered":"P\u00e4ev, kus olla p\u00e4riselt kohal! Anne&#038; Stiili konverents tuleb taas"},"content":{"rendered":"<p>See on p\u00e4ev, kus olla p\u00e4riselt kohal. Kuulata, kaasa m\u00f5elda, avastada enese kohta midagi uut.<\/p>\n<p>Mikrofoni haaravad oma ala absoluutsed tipud, p\u00f5nevad ja innustavad k\u00f5nelejad, teiste seas An-Marlen, Juhan Kilumets, Maris K\u00f5rvits, Aldo J\u00e4rvsoo, Margo Orup\u00f5ld, \u017denja Fokin, Liis Kirch ning mitmed teised.<\/p>\n<p>Konverentsi juhib Grete Kuld. Rohkem infot \u00fcrituse ja programmi kohta leiab <a rel=\"noopener nofollow\" target=\"_blank\" href=\"https:\/\/events.delfimeedia.ee\/as-konverents2026\" data-rel-date-range=\"[]\">SIIT!<\/a>\u200b<\/p>\n<p>Iga k\u00fclalist ootab kingikott, mis lisab inspireerivale p\u00e4evale r\u00f5\u00f5mu ja \u00fcllatusi.<\/p>\n<p>Piletihind sisaldab hommikukohvi koos ampsuga, kerget l\u00f5unas\u00f6\u00f6ki, programmi ning kinkekotti.<\/p>\n<p><img decoding=\"async\" src=\"https:\/\/www.europesays.com\/ee\/wp-content\/uploads\/2026\/05\/cc35d42c-52c0-4094-b3ee-33f2918eebca.jpg\" loading=\"lazy\"\/>Kuidas see lugu Sind end tundma pani? Saada <\/p>\n","protected":false},"excerpt":{"rendered":"See on p\u00e4ev, kus olla p\u00e4riselt kohal. Kuulata, kaasa m\u00f5elda, avastada enese kohta midagi uut. Mikrofoni haaravad oma&hellip;\n","protected":false},"author":2,"featured_media":182775,"comment_status":"","ping_status":"","sticky":false,"template":"","format":"standard","meta":{"footnotes":"","_share_on_mastodon":"0"},"categories":[16],"tags":[9634,37,33,35,173,34,36,9635,5030,140,5396,2928],"class_list":["post-182774","post","type-post","status-publish","format-standard","has-post-thumbnail","category-meelelahutus","tag-anne-stiil","tag-ee","tag-eesti","tag-eesti-keel","tag-entertainment","tag-estonia","tag-estonian","tag-ilutrendid","tag-karjaar","tag-meelelahutus","tag-mood","tag-suhted"],"share_on_mastodon":{"url":"https:\/\/pubeurope.com\/@ee\/116607446385406541","error":""},"_links":{"self":[{"href":"https:\/\/www.europesays.com\/ee\/wp-json\/wp\/v2\/posts\/182774","targetHints":{"allow":["GET"]}}],"collection":[{"href":"https:\/\/www.europesays.com\/ee\/wp-json\/wp\/v2\/posts"}],"about":[{"href":"https:\/\/www.europesays.com\/ee\/wp-json\/wp\/v2\/types\/post"}],"author":[{"embeddable":true,"href":"https:\/\/www.europesays.com\/ee\/wp-json\/wp\/v2\/users\/2"}],"replies":[{"embeddable":true,"href":"https:\/\/www.europesays.com\/ee\/wp-json\/wp\/v2\/comments?post=182774"}],"version-history":[{"count":0,"href":"https:\/\/www.europesays.com\/ee\/wp-json\/wp\/v2\/posts\/182774\/revisions"}],"wp:featuredmedia":[{"embeddable":true,"href":"https:\/\/www.europesays.com\/ee\/wp-json\/wp\/v2\/media\/182775"}],"wp:attachment":[{"href":"https:\/\/www.europesays.com\/ee\/wp-json\/wp\/v2\/media?parent=182774"}],"wp:term":[{"taxonomy":"category","embeddable":true,"href":"https:\/\/www.europesays.com\/ee\/wp-json\/wp\/v2\/categories?post=182774"},{"taxonomy":"post_tag","embeddable":true,"href":"https:\/\/www.europesays.com\/ee\/wp-json\/wp\/v2\/tags?post=182774"}],"curies":[{"name":"wp","href":"https:\/\/api.w.org\/{rel}","templated":true}]}}