{"id":182976,"date":"2026-05-20T19:32:16","date_gmt":"2026-05-20T19:32:16","guid":{"rendered":"https:\/\/www.europesays.com\/ee\/182976\/"},"modified":"2026-05-20T19:32:16","modified_gmt":"2026-05-20T19:32:16","slug":"napi-voidu-saanud-kalju-esikinnas-kaitsetoost-ebareaalselt-hea-jarve-midagi-traagilist-ei-ole-soccernet-ee-2","status":"publish","type":"post","link":"https:\/\/www.europesays.com\/ee\/182976\/","title":{"rendered":"Napi v\u00f5idu saanud Kalju esikinnas kaitset\u00f6\u00f6st: ebareaalselt hea! (J\u00e4rve: midagi traagilist ei ole) &#8211; Soccernet.ee"},"content":{"rendered":"<p><img decoding=\"async\" src=\"https:\/\/www.europesays.com\/ee\/wp-content\/uploads\/2026\/05\/1779305536_644_1774105355.jpg\" alt=\"Henri Perk. Foto: Anna Andreas\"\/>&#13;\n<\/p>\n<p>Kalju sai Premium liiga 13. voorus 1:0 jagu Harjust. V\u00f5itjameeskonna kapten Henri Perk avaldas \u00e4\u00e4retut kiitust kaitseliinile, Andres J\u00e4rve s\u00f5nul oleksid nad v\u00e4\u00e4rinud punktigi.<\/p>\n<p>N\u00f5mme Kalju FC j\u00e4tkas v\u00f5idulainel, kui sai teise poolaja v\u00e4ravast minimaalse v\u00f5idu Harju JK Laagri \u00fcle. &#8220;V\u00e4ga raske m\u00e4ng. Oleme v\u00e4ga \u00f5nnelikud, et l\u00f5ime ees \u00e4ra ja hoidsime taga nulli,&#8221; alustas Henri Perk m\u00e4nguj\u00e4rgset intervjuud Premium liiga YouTube&#8217;i kanalis.&#13;\n<\/p>\n<p>&#8220;Nendega on alati sellised rasked m\u00e4ngud nii seal kui siin. Suutsime ees \u00e4ra l\u00fc\u00fca, siis muidugi j\u00e4ime surve alla ja pidime l\u00f5pus kannatama. Aga t\u00e4iesti ebareaalselt hea t\u00f6\u00f6 kogu kaitseliini poolt! See, kuidas me v\u00f5idame kaitses duelle ja teisi palle, blokeerime l\u00f6\u00f6ke &#8230; Suur kummardus kogu meeskonna ees, et minu t\u00f6\u00f6 tehakse nii lihtsaks, et nopin neid k\u00f5rgeid palle ja taga null,&#8221; kiitis Kalju kapten.&#13;\n<\/p>\n<p>Nii esimesel kui teisel poolajal vajas ta v\u00e4ikest pausi, kui tundis, et jalas pisut kisub. &#8220;Kui natuke t\u00f5mbab, siis on vaja aeg maha v\u00f5tta,&#8221; kirjeldas ta. Viimastel minutitel vajas Perk hetke vastase hooletust kontaktist, kui Joseph Ndakala tormas peale t\u00e4pselt siis, kui kaljukas maast palli haaras. &#8220;See ei olnud minu jaoks kuidagi aktsepteeritav ega normaalne, aga see on jalgpall,&#8221; j\u00e4i ta siiski rahulikuks.<\/p>\n<p>Napilt kaotajaks j\u00e4\u00e4nud Harju kaptenile Andres J\u00e4rvele j\u00e4i m\u00e4ngust sisse m\u00f5ru maik. &#8220;Olen kohati s\u00f5natu. Endal j\u00e4i k\u00fcll tunne sisse, et oleks v\u00f5inud t\u00e4na siit midagi kaasa saada, kasv\u00f5i punkti. Olime l\u00f5puni h\u00e4sti m\u00e4ngus sees, l\u00f5puks nemad vajusid pigem \u00e4ra ja meie surusime peale,&#8221; kirjeldas J\u00e4rve. &#8220;Kaljuga on k\u00f5ik m\u00e4ngud sellised, jah, v\u00f5ib-olla t\u00f5esti sarnased. H\u00e4sti v\u00f5itluslikud ja h\u00e4sti palju on sellist taktikalist m\u00e4ngimist. Kahjuks j\u00e4i t\u00e4na Kalju uuesti peale.&#8221;&#13;\n<\/p>\n<p>Selle m\u00e4nguga venis Harju kaotusteseeria neljale m\u00e4ngule. Eriti raskelt l\u00e4ks A. Le Coq Arena murul, kui Tallinna hiidudele j\u00e4\u00e4di alla 0:5 ja 0:3. V\u00e4ljakukatte taha J\u00e4rve pugeda ei tahaks. &#8220;Isegi kui meil on kodus kunst, siis eelneva n\u00e4dalakese teeme murul trenni ikka. Aga huvitav oleks statistikat teha k\u00fcll, et kuidas on olnud tulemused murul versus kunstil,&#8221; arutles ta.&#13;\n<\/p>\n<p>&#8220;Tiimisiseselt oleme r\u00e4\u00e4kinud, et osadel on murul veidi raskem. Mina isiklikult vahet ei tunne. Aga kui v\u00f5tta P\u00e4rnu m\u00e4ng (1:2 kaotus &#8211; toim.) ja see m\u00e4ng, siis midagi traagilist ei ole. L\u00e4hme oma asjadega edasi. K\u00fcll need tulemused hakkavad ka meie poole tulema,&#8221; usub Andres J\u00e4rve.<\/p>\n","protected":false},"excerpt":{"rendered":"&#13; Kalju sai Premium liiga 13. voorus 1:0 jagu Harjust. V\u00f5itjameeskonna kapten Henri Perk avaldas \u00e4\u00e4retut kiitust kaitseliinile,&hellip;\n","protected":false},"author":2,"featured_media":182977,"comment_status":"","ping_status":"","sticky":false,"template":"","format":"standard","meta":{"footnotes":"","_share_on_mastodon":"0"},"categories":[18],"tags":[503,37,33,35,34,36,905,502,1724,5082,1357,1359,1727,5084,167,159,158],"class_list":["post-182976","post","type-post","status-publish","format-standard","has-post-thumbnail","category-sport","tag-andres-jarve","tag-ee","tag-eesti","tag-eesti-keel","tag-estonia","tag-estonian","tag-harju","tag-harju-jk-laagri","tag-henri-perk","tag-jarve","tag-kalju","tag-nomme-kalju","tag-perk","tag-pl","tag-premium-liiga","tag-sport","tag-sports"],"share_on_mastodon":{"url":"https:\/\/pubeurope.com\/@ee\/116608575039544830","error":""},"_links":{"self":[{"href":"https:\/\/www.europesays.com\/ee\/wp-json\/wp\/v2\/posts\/182976","targetHints":{"allow":["GET"]}}],"collection":[{"href":"https:\/\/www.europesays.com\/ee\/wp-json\/wp\/v2\/posts"}],"about":[{"href":"https:\/\/www.europesays.com\/ee\/wp-json\/wp\/v2\/types\/post"}],"author":[{"embeddable":true,"href":"https:\/\/www.europesays.com\/ee\/wp-json\/wp\/v2\/users\/2"}],"replies":[{"embeddable":true,"href":"https:\/\/www.europesays.com\/ee\/wp-json\/wp\/v2\/comments?post=182976"}],"version-history":[{"count":0,"href":"https:\/\/www.europesays.com\/ee\/wp-json\/wp\/v2\/posts\/182976\/revisions"}],"wp:featuredmedia":[{"embeddable":true,"href":"https:\/\/www.europesays.com\/ee\/wp-json\/wp\/v2\/media\/182977"}],"wp:attachment":[{"href":"https:\/\/www.europesays.com\/ee\/wp-json\/wp\/v2\/media?parent=182976"}],"wp:term":[{"taxonomy":"category","embeddable":true,"href":"https:\/\/www.europesays.com\/ee\/wp-json\/wp\/v2\/categories?post=182976"},{"taxonomy":"post_tag","embeddable":true,"href":"https:\/\/www.europesays.com\/ee\/wp-json\/wp\/v2\/tags?post=182976"}],"curies":[{"name":"wp","href":"https:\/\/api.w.org\/{rel}","templated":true}]}}