{"id":183015,"date":"2026-05-20T20:51:11","date_gmt":"2026-05-20T20:51:11","guid":{"rendered":"https:\/\/www.europesays.com\/ee\/183015\/"},"modified":"2026-05-20T20:51:11","modified_gmt":"2026-05-20T20:51:11","slug":"usa-teatas-morvasuudistuse-esitamisest-kuuba-endisele-juhile-raul-castrole","status":"publish","type":"post","link":"https:\/\/www.europesays.com\/ee\/183015\/","title":{"rendered":"USA teatas m\u00f5rvas\u00fc\u00fcdistuse esitamisest Kuuba endisele juhile Ra\u00fal Castrole"},"content":{"rendered":"<p>Castrole esitatud s\u00fc\u00fcdistus on seotud 1996. aastal aset leidnud intsidendiga, kus Kuuba MiG-29 h\u00e4vitaja tulistas alla kaks Miami eksiilr\u00fchmituse Brothers to the Rescue lennukit, mis otsis saarelt parvedega p\u00f5geneda p\u00fc\u00fcdvaid kuubalasi. Juhtumis hukkus neli inimest. <\/p>\n<p>Castro oli tollal Kuuba kaitseminister ning USA s\u00fc\u00fcdistab teda m\u00f5rvas ja lennuki h\u00e4vitamises. Lisaks esitati s\u00fc\u00fcdistus ka viiele teisele mehele, kes olid tulistamises osalenud Kuuba piloodid.<\/p>\n<p>\u201eNelja m\u00f5rvatud ameeriklase perekonnad on oodanud \u00f5iglust ligi 30 aastat,\u201c \u00fctles USA ajutine peaprokur\u00f6r <a rel=\"noopener nofollow\" target=\"_blank\" href=\"https:\/\/www.delfi.ee\/teema\/96879875\/todd-blanche\" tag-id=\"96879875\">Todd Blanche<\/a>. \u201eNad olid relvastamata tsiviilisikud ja lendasid humanitaarmissioonidel, et p\u00e4\u00e4sta ja kaitsta inimesi, kes p\u00f5genevad r\u00f5humise eest \u00fcle Florida v\u00e4inade.\u201c<\/p>\n<p>Kuuba president <a rel=\"noopener nofollow\" target=\"_blank\" href=\"https:\/\/www.delfi.ee\/teema\/81814847\/miguel-diaz-canel\" tag-id=\"81814847\">Miguel D\u00edaz-Canel<\/a> m\u00f5istis s\u00fc\u00fcdistused hukka ja nimetas neid \u00f5igusliku aluseta poliitiliseks sammuks, mille eesm\u00e4rk on \u00f5igustada s\u00f5jalist agressiooni Kuuba vastu. Samuti s\u00fc\u00fcdistas ta USA-d valetamises ja s\u00fcndmuste moonutamises, lisades, et Kuuba tegutses \u00f5igustatud enesekaitseks p\u00e4rast korduvaid ja ohtlikke \u00f5huruumi rikkumisi.<\/p>\n<p>Eeldatavasti ei kavatse Kuuba Castrot USA-le v\u00e4lja anda ja enamikku s\u00fc\u00fcdistuse saanud v\u00e4lisriikide juhte ei tooda riiki kohtu ette. Samas vihjas Blanche v\u00f5imalusele USA aktsiooniks Kuubal. <\/p>\n<p>Tasub m\u00e4rkida, et aasta alguses leidis Venezuelas aset USA operatsioon, mille k\u00e4igus vahistati riigi endine juht Nicol\u00e1s Maduro, kellele oli varasemalt esitatud s\u00fc\u00fcdistus narkokaubanduses.<\/p>\n<p>Kuidas see lugu Sind end tundma pani? Saada <a href=\"https:\/\/www.delfi.ee\/artikkel\/120585281\/usa-teatas-morvasuudistuse-esitamisest-kuuba-endisele-juhile-raul-castrole\/kommentaarid\" class=\"article-body-bottom__comment article-body-bottom__comment--write button button--primary button--size-auto\" rel=\"nofollow noopener\" target=\"_blank\"> Kommenteeri <\/a><a href=\"https:\/\/www.delfi.ee\/artikkel\/120585281\/usa-teatas-morvasuudistuse-esitamisest-kuuba-endisele-juhile-raul-castrole\/kommentaarid\" class=\"article-body-bottom__comment article-body-bottom__comment--read button button--size-auto\" rel=\"nofollow noopener\" target=\"_blank\"> Loe kommentaare (2)<\/a><\/p>\n","protected":false},"excerpt":{"rendered":"Castrole esitatud s\u00fc\u00fcdistus on seotud 1996. aastal aset leidnud intsidendiga, kus Kuuba MiG-29 h\u00e4vitaja tulistas alla kaks Miami&hellip;\n","protected":false},"author":2,"featured_media":183016,"comment_status":"","ping_status":"","sticky":false,"template":"","format":"standard","meta":{"footnotes":"","_share_on_mastodon":"0"},"categories":[80],"tags":[26,27,37,33,35,34,36,31,32,21,3345,28,29,95,8424,19,25,41223,1293,23,24,22,325,33410,20,30,92,93,94],"class_list":["post-183015","post","type-post","status-publish","format-standard","has-post-thumbnail","category-maailm","tag-breaking-news","tag-breakingnews","tag-ee","tag-eesti","tag-eesti-keel","tag-estonia","tag-estonian","tag-featured-news","tag-featurednews","tag-headlines","tag-kuuba","tag-latest-news","tag-latestnews","tag-maailm","tag-miguel-diaz-canel","tag-news","tag-populaarseimad-lood","tag-raul-castro","tag-todd-blanche","tag-top-stories","tag-topstories","tag-uldised-uudised","tag-usa","tag-usa-justiitsministeerium","tag-uudised","tag-viimased-uudised","tag-world","tag-world-news","tag-worldnews"],"share_on_mastodon":{"url":"https:\/\/pubeurope.com\/@ee\/116608885167114875","error":""},"_links":{"self":[{"href":"https:\/\/www.europesays.com\/ee\/wp-json\/wp\/v2\/posts\/183015","targetHints":{"allow":["GET"]}}],"collection":[{"href":"https:\/\/www.europesays.com\/ee\/wp-json\/wp\/v2\/posts"}],"about":[{"href":"https:\/\/www.europesays.com\/ee\/wp-json\/wp\/v2\/types\/post"}],"author":[{"embeddable":true,"href":"https:\/\/www.europesays.com\/ee\/wp-json\/wp\/v2\/users\/2"}],"replies":[{"embeddable":true,"href":"https:\/\/www.europesays.com\/ee\/wp-json\/wp\/v2\/comments?post=183015"}],"version-history":[{"count":0,"href":"https:\/\/www.europesays.com\/ee\/wp-json\/wp\/v2\/posts\/183015\/revisions"}],"wp:featuredmedia":[{"embeddable":true,"href":"https:\/\/www.europesays.com\/ee\/wp-json\/wp\/v2\/media\/183016"}],"wp:attachment":[{"href":"https:\/\/www.europesays.com\/ee\/wp-json\/wp\/v2\/media?parent=183015"}],"wp:term":[{"taxonomy":"category","embeddable":true,"href":"https:\/\/www.europesays.com\/ee\/wp-json\/wp\/v2\/categories?post=183015"},{"taxonomy":"post_tag","embeddable":true,"href":"https:\/\/www.europesays.com\/ee\/wp-json\/wp\/v2\/tags?post=183015"}],"curies":[{"name":"wp","href":"https:\/\/api.w.org\/{rel}","templated":true}]}}