{"id":183056,"date":"2026-05-20T22:28:19","date_gmt":"2026-05-20T22:28:19","guid":{"rendered":"https:\/\/www.europesays.com\/ee\/183056\/"},"modified":"2026-05-20T22:28:19","modified_gmt":"2026-05-20T22:28:19","slug":"gouramile-tehakse-plats-puhtaks-herthast-voib-tuleva-hooaja-eel-lahkuda-koguni-15-mangijat-soccernet-ee","status":"publish","type":"post","link":"https:\/\/www.europesays.com\/ee\/183056\/","title":{"rendered":"Gouramile tehakse plats puhtaks? Herthast v\u00f5ib tuleva hooaja eel lahkuda koguni 15 m\u00e4ngijat &#8211; Soccernet.ee"},"content":{"rendered":"<p><img decoding=\"async\" src=\"https:\/\/www.europesays.com\/ee\/wp-content\/uploads\/2026\/05\/1757098865.jpg\" alt=\"Soufian Gouram. Foto: Katariina Peetson \/ jalgpall.ee\"\/>&#13;\n<\/p>\n<p>Eesti noortekoondislase Soufian Gourami jaoks v\u00f5ib Saksamaa tugevuselt teises liigas palliva Berliini Hertha ridades avaneda suurep\u00e4rane v\u00f5imalus. Saksamaa v\u00e4ljaande BILD andmetel v\u00f5ib Herthast lahkuda suur hulk m\u00e4ngijaid, mis teeks tee vabaks eestlasele, kes 17. mail esindusmeeskonna eest deb\u00fcteeris.\u00a0<\/p>\n<p>Hertha l\u00f5petas hooaja Saksamaa esiliigas kuuendana ning peab ka tuleval hooajal m\u00e4ngima riigi tugevuselt teises liigas ehk Bundesliga 2-s. See t\u00e4hendab klubile rahalisi k\u00e4rpeid ja suure t\u00f5en\u00e4osusega ka palju muudatusi koosseisus. BILD-i teatel on klubist lahkunud juba kaheksa m\u00e4ngijat ning halvima stsenaariumi korral v\u00f5ib pealinna meeskond kaotada koguni 15 pallurit.\u00a0&#13;\n<\/p>\n<p>Seet\u00f5ttu v\u00f5ib avaneda v\u00f5imalus 20-aastasele Gouramile, kes tegi p\u00fchap\u00e4eval Hertha esindusmeeskonna eest ametliku deb\u00fc\u00fcdi Saksamaa esiliigas. Eesti noortekoondislane p\u00e4\u00e4ses hooaja viimases voorus Bielefeldi Arminia vastu v\u00e4ljakule 83. minutil. K\u00fcll aga kaotas noore eestlase punt l\u00f5puks 1:6.\u00a0&#13;\n<\/p>\n<p>K\u00f5igest kolm p\u00e4eva enne deb\u00fc\u00fcti esindusmeeskonnas teatas Berliini Ol\u00fcmpiastaadionil kodum\u00e4nge pidav klubi, et kasutas Gourami lepingus olnud optsiooni, mis t\u00e4hendab, et eestlane j\u00e4tkab klubis profilepingu alusel ka tuleval hooajal.\u00a0<\/p>\n<p>Gouram on Hertha s\u00fcsteemis olnud alates 2019. aastast ning kerkis t\u00e4navu duubelmeeskonna \u00fcheks v\u00f5tmem\u00e4ngijaks. Saksamaa tugevuselt neljandas liigas kogus ta 20 m\u00e4nguga neli v\u00e4ravat ja neli resultatiivset s\u00f6\u00f6tu. Lisaks on ta treeninud esindusmeeskonnaga ning p\u00e4\u00e4ses talvel ka Hispaanias toimunud esinduspundi treeninglaagrisse, kus ta teenis esimesed mitteametlikud minutid.\u00a0&#13;\n<\/p>\n<p>Gourami tegemistest Saksamaal muljetati ka\u00a0Soccernet.ee taskuh\u00e4\u00e4lingusaate &#8220;Pikk ette (ja ise j\u00e4rele)&#8221; 375. osas:&#13;<\/p>\n","protected":false},"excerpt":{"rendered":"&#13; Eesti noortekoondislase Soufian Gourami jaoks v\u00f5ib Saksamaa tugevuselt teises liigas palliva Berliini Hertha ridades avaneda suurep\u00e4rane v\u00f5imalus.&hellip;\n","protected":false},"author":2,"featured_media":183057,"comment_status":"","ping_status":"","sticky":false,"template":"","format":"standard","meta":{"footnotes":"","_share_on_mastodon":"0"},"categories":[18],"tags":[80725,527,39181,37,33,35,34,36,14767,14768,80726,51,1634,159,158],"class_list":["post-183056","post","type-post","status-publish","format-standard","has-post-thumbnail","category-sport","tag-berliini-herthe","tag-bundesliga","tag-bundesliga-2","tag-ee","tag-eesti","tag-eesti-keel","tag-estonia","tag-estonian","tag-gouram","tag-hertha","tag-hertha-berlin","tag-saksamaa","tag-soufian-gouram","tag-sport","tag-sports"],"share_on_mastodon":{"url":"https:\/\/pubeurope.com\/@ee\/116609267075212588","error":""},"_links":{"self":[{"href":"https:\/\/www.europesays.com\/ee\/wp-json\/wp\/v2\/posts\/183056","targetHints":{"allow":["GET"]}}],"collection":[{"href":"https:\/\/www.europesays.com\/ee\/wp-json\/wp\/v2\/posts"}],"about":[{"href":"https:\/\/www.europesays.com\/ee\/wp-json\/wp\/v2\/types\/post"}],"author":[{"embeddable":true,"href":"https:\/\/www.europesays.com\/ee\/wp-json\/wp\/v2\/users\/2"}],"replies":[{"embeddable":true,"href":"https:\/\/www.europesays.com\/ee\/wp-json\/wp\/v2\/comments?post=183056"}],"version-history":[{"count":0,"href":"https:\/\/www.europesays.com\/ee\/wp-json\/wp\/v2\/posts\/183056\/revisions"}],"wp:featuredmedia":[{"embeddable":true,"href":"https:\/\/www.europesays.com\/ee\/wp-json\/wp\/v2\/media\/183057"}],"wp:attachment":[{"href":"https:\/\/www.europesays.com\/ee\/wp-json\/wp\/v2\/media?parent=183056"}],"wp:term":[{"taxonomy":"category","embeddable":true,"href":"https:\/\/www.europesays.com\/ee\/wp-json\/wp\/v2\/categories?post=183056"},{"taxonomy":"post_tag","embeddable":true,"href":"https:\/\/www.europesays.com\/ee\/wp-json\/wp\/v2\/tags?post=183056"}],"curies":[{"name":"wp","href":"https:\/\/api.w.org\/{rel}","templated":true}]}}