{"id":183099,"date":"2026-05-21T01:38:09","date_gmt":"2026-05-21T01:38:09","guid":{"rendered":"https:\/\/www.europesays.com\/ee\/183099\/"},"modified":"2026-05-21T01:38:09","modified_gmt":"2026-05-21T01:38:09","slug":"michal-droonieelnou-vastuvotmine-on-kriitilise-tahtsusega","status":"publish","type":"post","link":"https:\/\/www.europesays.com\/ee\/183099\/","title":{"rendered":"Michal: droonieeln\u00f5u vastuv\u00f5tmine on kriitilise t\u00e4htsusega"},"content":{"rendered":"<p>Riigikogus kolmap\u00e4eval esimesel lugemisel olnud mehitamata s\u00f5idukite seire ja t\u00f5rje rollijaotusi m\u00e4\u00e4ratleva eeln\u00f5u vastuv\u00f5tmine on peaminister Kristen Michali s\u00f5nul praeguses julgeolekuolukorras kriitilise t\u00e4htsusega, luues aluse mitmekihilisele droonit\u00f5rjele, kirjutab BNS.<\/p>\n<p>\u201eOleme viimastel aastatel tugevdanud nii oma kaitsev\u00f5imet, liitlassuhteid kui ka valmisolekut uut t\u00fc\u00fcpi ohtudeks, sealhulgas droonideks. Eile V\u00f5rtsj\u00e4rve ja P\u00f5ltsamaa vahel alla lastud drooni juhtum n\u00e4itab, et ohtudele reageeritakse otsustavalt ja meie \u00f5huruum ning Eesti inimeste turvalisus on kaitstud. Meie kaitsev\u00f5ime t\u00e4ieneb aga pidevalt, muudame droonide avastamise ja t\u00f5rjumise veel t\u00f5husamaks,\u201c \u00fctles Michal.<\/p>\n<p>\u201cKobarkriisideks, as\u00fcmmeetrilisteks r\u00fcnnakuteks ja s\u00f5jaliseks kaitseks veelgi paremaks valmistumiseks on oluline droonieeln\u00f5uga plaanitavad muudatused kiirelt ellu viia,\u201d \u00fctles Michal Riigikogus peetud k\u00f5nes.<\/p>\n<p>\u201cPeame v\u00f5imaldama Kaitsev\u00e4el paremini tuvastada ja t\u00f5rjuda s\u00f5jalise otstarbega droone, PPA-l t\u00f5husamalt ennetada kuritegevust ning kaitsta inimeste elu ja tervist, samuti reageerida uutest drooniohtudest tulenevatele riskidele,\u201c lausus peaminister.<\/p>\n<p>\u201eLisaks annab eeln\u00f5u riigikaitseobjektide valdajatele, eelk\u00f5ige v\u00f5tmet\u00e4htsusega elut\u00e4htsat teenust pakkuvatele ettev\u00f5tetele, paremad v\u00f5imalused oma taristu kaitsmiseks,\u201d r\u00e4\u00e4kis Michal.<\/p>\n<p>T\u00e4iendavalt sisejulgeoleku investeeringutele on drooniv\u00f5imekuse suurendamiseks kaitseinvesteeringutena j\u00e4rgnevaks neljaks aastaks kavandatud 364 miljonit eurot.<\/p>\n<p>Vastuv\u00f5tmisel loob valitsuse algatatud korrakaitseseaduse muutmise ja sellest tulenevalt teiste seaduste muutmise seaduse eeln\u00f5u aluse mitmekihilisele droonit\u00f5rjele, kus tsiviildroonidele reageerib esimesena politsei- ja piirivalveamet (PPA). Kui PPA ei saa ohtu t\u00f5rjuda, teeb seda kaitsev\u00e4gi.<\/p>\n<p>S\u00f5jaliste droonide puhul on roll vastupidine \u2013 eelk\u00f5ige on see Kaitsev\u00e4e p\u00e4devuses, kui aga on kiirem ja otstarbekam reageerida PPA-l, siis teeb seda \u00fcldkorrakaitseorganina PPA. Eeln\u00f5u keskendub k\u00f5ige ajakriitilisemate kitsaskohtade t\u00e4iendamisele \u2013 seire, reageerimine ning kriitilise taristu kaitse.<\/p>\n<p>Valdkonna strateegiliseks juhtimiseks on riigikantselei ette valmistanud droonide teekaardi, mis on saadetud tagasisidestamiseks avaliku ja erasektori asutustele ning partneritele. Valmiv teekaart seob omavahel kokku riigi turvalisuse suurendamise, avalike teenuste moderniseerimise, valdkonna arendamise ning toob fookuse ka spetsialistide j\u00e4relkasvule.<\/p>\n","protected":false},"excerpt":{"rendered":"Riigikogus kolmap\u00e4eval esimesel lugemisel olnud mehitamata s\u00f5idukite seire ja t\u00f5rje rollijaotusi m\u00e4\u00e4ratleva eeln\u00f5u vastuv\u00f5tmine on peaminister Kristen Michali&hellip;\n","protected":false},"author":2,"featured_media":183100,"comment_status":"","ping_status":"","sticky":false,"template":"","format":"standard","meta":{"footnotes":"","_share_on_mastodon":"0"},"categories":[12],"tags":[26,27,1274,80738,2413,37,2707,33,35,34,36,31,32,21,498,4625,22312,646,28,29,33753,9745,19,25,640,2705,23,24,22,20,30],"class_list":["post-183099","post","type-post","status-publish","format-standard","has-post-thumbnail","category-eesti","tag-breaking-news","tag-breakingnews","tag-droonid","tag-droonieelnou","tag-droonitorje","tag-ee","tag-eelnou","tag-eesti","tag-eesti-keel","tag-estonia","tag-estonian","tag-featured-news","tag-featurednews","tag-headlines","tag-julgeolek","tag-kaitsevoime","tag-korrakaitseseadus","tag-kristen-michal","tag-latest-news","tag-latestnews","tag-liitlassuhted","tag-mehitamata-soidukid","tag-news","tag-populaarseimad-lood","tag-riigikogu","tag-seadus","tag-top-stories","tag-topstories","tag-uldised-uudised","tag-uudised","tag-viimased-uudised"],"share_on_mastodon":{"url":"https:\/\/pubeurope.com\/@ee\/116610013788911533","error":""},"_links":{"self":[{"href":"https:\/\/www.europesays.com\/ee\/wp-json\/wp\/v2\/posts\/183099","targetHints":{"allow":["GET"]}}],"collection":[{"href":"https:\/\/www.europesays.com\/ee\/wp-json\/wp\/v2\/posts"}],"about":[{"href":"https:\/\/www.europesays.com\/ee\/wp-json\/wp\/v2\/types\/post"}],"author":[{"embeddable":true,"href":"https:\/\/www.europesays.com\/ee\/wp-json\/wp\/v2\/users\/2"}],"replies":[{"embeddable":true,"href":"https:\/\/www.europesays.com\/ee\/wp-json\/wp\/v2\/comments?post=183099"}],"version-history":[{"count":0,"href":"https:\/\/www.europesays.com\/ee\/wp-json\/wp\/v2\/posts\/183099\/revisions"}],"wp:featuredmedia":[{"embeddable":true,"href":"https:\/\/www.europesays.com\/ee\/wp-json\/wp\/v2\/media\/183100"}],"wp:attachment":[{"href":"https:\/\/www.europesays.com\/ee\/wp-json\/wp\/v2\/media?parent=183099"}],"wp:term":[{"taxonomy":"category","embeddable":true,"href":"https:\/\/www.europesays.com\/ee\/wp-json\/wp\/v2\/categories?post=183099"},{"taxonomy":"post_tag","embeddable":true,"href":"https:\/\/www.europesays.com\/ee\/wp-json\/wp\/v2\/tags?post=183099"}],"curies":[{"name":"wp","href":"https:\/\/api.w.org\/{rel}","templated":true}]}}