{"id":183169,"date":"2026-05-21T04:35:06","date_gmt":"2026-05-21T04:35:06","guid":{"rendered":"https:\/\/www.europesays.com\/ee\/183169\/"},"modified":"2026-05-21T04:35:06","modified_gmt":"2026-05-21T04:35:06","slug":"eleringi-ja-tallinna-arusaam-putukavaila-elektrimastide-kulust-erineb-mitu-korda-eesti","status":"publish","type":"post","link":"https:\/\/www.europesays.com\/ee\/183169\/","title":{"rendered":"Eleringi ja Tallinna arusaam putukav\u00e4ila elektrimastide kulust erineb mitu korda | Eesti"},"content":{"rendered":"<p>Tallinn on otsustanud lubada Eleringil demonteerida putukav\u00e4ila k\u00f5rgepingeliini mastid \u2013 peamiseks p\u00f5hjuseks s\u00e4ilitamise kulu kuni 60 000 eurot masti kohta, \u00fctles linnapea kuu tagasi. Elering hindab \u00fche elektrimasti ohutuks muutmise ja eluea pikendamise viis korda odavamaks ehk pea 12 000 euro juurde.<\/p>\n<p>Tallinna rohekoridori putukav\u00e4ila esimesse juppi j\u00e4\u00e4vad viis pea 67-aastast k\u00f5rgepingeliini masti, mis pidi esmalt kujundatama osaks pargist. L\u00e4inud detsembris otsustas linn neid siiski mitte kasutada ning lubada omanikul Eleringil mastid demonteerida.<\/p>\n<p>Linnapea Peeter Raudsepp \u00fctles kuu tagasi, et \u00fche masti konserveerimine s\u00e4ilitamise eesm\u00e4rgil maksab kuni 60 000 eurot, seega viie masti peale kokku ligi 300 000, lisades, et ei pea seda otstarbekaks.<\/p>\n<p>Eleringi juhatuse liikme Reigo Kebja s\u00f5nul maksab aga \u00fche k\u00f5rgepingeliini masti kordategemine 10\u00a0000 kuni 15 000 eurot, lisades, et on sama ka linnale \u00f6elnud.<\/p>\n<p>&#8220;12 000 eurot \u2013 v\u00f5ibolla natukene rohkem, natukene v\u00e4hem \u00fche masti kohta on kindlasti vajadus, et need mastid oleks ohutumad ja eluiga oleks pikendatud,&#8221; \u00fctles Kebja. &#8220;Loomulikult, kui linnal on ambitsioon nendega veel midagi t\u00e4iendavalt teha, neid kujundada kuidagi ringi, siis need kulud v\u00f5ivad olla hoopis teistsugused,&#8221; m\u00e4rkis ta.<\/p>\n<p>Linnapea Peeter Raudsepa s\u00f5nul esitati talle renoveerimiskulu vahemikuna.<\/p>\n<p>&#8220;Algab kusagil 12 \u201313\u00a0000-st ja v\u00f5ib ulatuda 60\u00a0000-ni. Silmas pidades n\u00fc\u00fcd traditsioone, siis tavaliselt, kui r\u00e4\u00e4gitakse prognoositavatest summadest v\u00f5i lubadustest midagi v\u00e4ikse summa eest \u00e4ra teha, siis need praktika kohaselt kipuvad ikka kallimaks minema. Nii et l\u00e4htusime sellest,&#8221; r\u00e4\u00e4kis Raudsepp.<\/p>\n<p>Reigo Kebja ei osanud linnapea infot kommenteerida, kuid ta r\u00f5hutas taas, et Eleringi andmetel j\u00e4\u00e4b \u00fche vana betoonvundamendiga raudmasti eluea pikendamise kulu 10 000 ja 15 000 euro vahele \u2013 viie masti peale kokku 50 000 kuni 75 000.<\/p>\n<p>Kuni kuus korda soodsam mastide korrastamine t\u00e4hendaks Raudsepa s\u00f5nul siiski teatud muude tegevuste \u00e4raj\u00e4tmist.<\/p>\n<p>&#8220;Sisuliselt v\u00f5ib see t\u00e4hendada ka, et tuleb minna panka selleks laenu k\u00fcsima, intressi maksma \u2013 no ei saa pidada m\u00f5istlikuks sellist sellist l\u00e4henemist,&#8221; r\u00f5hutas Raudsepp. &#8220;Aga t\u00f5epoolest, need mastid on ju Eleringi omanduses ja kui need ei ole kallid rekonstrueerida, siis Elering v\u00f5ib ju seda teha,&#8221; nentis Raudsepp.<\/p>\n<p>Kebja s\u00f5nul on siiski ettev\u00f5tte fookus tagada elektrivarustuskindlus ning \u00f5huliin seda eesm\u00e4rki ei t\u00e4ida.<\/p>\n<p>Eelmise k\u00fcmnendi l\u00f5pul oli Elering asendamas P\u00f5hja-Tallinna varustavat elektri \u00f5huliini maa-aluse kaabliga. Tallinn p\u00f6\u00f6rdus siis v\u00f5rguettev\u00f5tte poole sooviga viis masti \u00fcle v\u00f5tta \u2013 tekkis idee luua vabanevast liinikordorist midagi tarbelist \u2013 sealt ka putukav\u00e4il.<\/p>\n<p>K\u00f5rgepingeliini mastide mahav\u00f5tmine olnuks lihtsam ja odavam neli aastat tagasi, mil valmis maakaabel ja demonteeriti \u00f5huliin ning nende \u00fcmber ei olnud veel linn rajanud taristut ja parki.<\/p>\n<p>Demonteerimise koosk\u00f5lastamise menetlus on linnal veel t\u00f6\u00f6s. Kui k\u00f5ik sujub plaanip\u00e4raselt, kavatseb Elering suve teises pooles mastid lammutada, \u00fctles Kebja.<\/p>\n<p>&#8220;Loomulikult, kui selle aja peale on linn muutnud nende seisukohta ning soovib osa maste siiski \u00fcle v\u00f5tta, siis me oleme valmis seda kokkulepet allkirjastama,&#8221; lisas ta.<\/p>\n<p>Kebja ei osanud lammutamise maksumust veel t\u00e4pselt \u00f6elda. Ta aga prognoosis, et koos vanametalli utiliseerimisest saadava tuluga tuleb mastide demonteerimine kokku odavam kui nende renoveerimine.<\/p>\n","protected":false},"excerpt":{"rendered":"Tallinn on otsustanud lubada Eleringil demonteerida putukav\u00e4ila k\u00f5rgepingeliini mastid \u2013 peamiseks p\u00f5hjuseks s\u00e4ilitamise kulu kuni 60 000 eurot&hellip;\n","protected":false},"author":2,"featured_media":183170,"comment_status":"","ping_status":"","sticky":false,"template":"","format":"standard","meta":{"footnotes":"","_share_on_mastodon":"0"},"categories":[5],"tags":[26,27,37,33,35,655,34,36,31,32,21,28,29,19,4130,25,41770,23,24,22,20,30],"class_list":["post-183169","post","type-post","status-publish","format-standard","has-post-thumbnail","category-uldised-uudised","tag-breaking-news","tag-breakingnews","tag-ee","tag-eesti","tag-eesti-keel","tag-elering","tag-estonia","tag-estonian","tag-featured-news","tag-featurednews","tag-headlines","tag-latest-news","tag-latestnews","tag-news","tag-peeter-raudsepp","tag-populaarseimad-lood","tag-putukavail","tag-top-stories","tag-topstories","tag-uldised-uudised","tag-uudised","tag-viimased-uudised"],"share_on_mastodon":{"url":"https:\/\/pubeurope.com\/@ee\/116610709765010093","error":""},"_links":{"self":[{"href":"https:\/\/www.europesays.com\/ee\/wp-json\/wp\/v2\/posts\/183169","targetHints":{"allow":["GET"]}}],"collection":[{"href":"https:\/\/www.europesays.com\/ee\/wp-json\/wp\/v2\/posts"}],"about":[{"href":"https:\/\/www.europesays.com\/ee\/wp-json\/wp\/v2\/types\/post"}],"author":[{"embeddable":true,"href":"https:\/\/www.europesays.com\/ee\/wp-json\/wp\/v2\/users\/2"}],"replies":[{"embeddable":true,"href":"https:\/\/www.europesays.com\/ee\/wp-json\/wp\/v2\/comments?post=183169"}],"version-history":[{"count":0,"href":"https:\/\/www.europesays.com\/ee\/wp-json\/wp\/v2\/posts\/183169\/revisions"}],"wp:featuredmedia":[{"embeddable":true,"href":"https:\/\/www.europesays.com\/ee\/wp-json\/wp\/v2\/media\/183170"}],"wp:attachment":[{"href":"https:\/\/www.europesays.com\/ee\/wp-json\/wp\/v2\/media?parent=183169"}],"wp:term":[{"taxonomy":"category","embeddable":true,"href":"https:\/\/www.europesays.com\/ee\/wp-json\/wp\/v2\/categories?post=183169"},{"taxonomy":"post_tag","embeddable":true,"href":"https:\/\/www.europesays.com\/ee\/wp-json\/wp\/v2\/tags?post=183169"}],"curies":[{"name":"wp","href":"https:\/\/api.w.org\/{rel}","templated":true}]}}