{"id":183186,"date":"2026-05-21T05:05:08","date_gmt":"2026-05-21T05:05:08","guid":{"rendered":"https:\/\/www.europesays.com\/ee\/183186\/"},"modified":"2026-05-21T05:05:08","modified_gmt":"2026-05-21T05:05:08","slug":"axios-ajaloo-suurim-ipo-on-saabumas-spacex-esitas-dokumendid-borsile-tulekuks","status":"publish","type":"post","link":"https:\/\/www.europesays.com\/ee\/183186\/","title":{"rendered":"Axios: ajaloo suurim IPO on saabumas \u2013 SpaceX esitas dokumendid b\u00f6rsile tulekuks"},"content":{"rendered":"<p>See oleks k\u00f5igi aegade suurim IPO ja v\u00f5ib teha Elon Muskist maailma esimese triljon\u00e4ri. 2002. aastal asutatud SpaceX-ist on n\u00fc\u00fcdseks saanud <a rel=\"noopener nofollow\" target=\"_blank\" href=\"https:\/\/www.delfi.ee\/teema\/24437885\/nasa\" tag-id=\"24437885\">NASA<\/a> oluline partner ja see on loonud satelliitsidel tugineva internetiv\u00f5rgu <a rel=\"noopener nofollow\" target=\"_blank\" href=\"https:\/\/www.delfi.ee\/teema\/87783653\/starlink\" tag-id=\"87783653\">Starlink<\/a>.<\/p>\n<p>Oma IPO-prospektis teatas ettev\u00f5te 2025. aasta kohta 18,67 miljardi dollari suurusest tulust ja 4,9 miljardi dollari suurusest puhaskahjumist. Suured investeeringud ja kulud j\u00e4tkusid ka j\u00e4rgmisel aastal: 2026. aasta esimeses kvartalis kajastati 4,69 miljardi dollari suurust tulu ja 4,28 miljardi dollari suurust puhaskahjumit.<\/p>\n<p>Ettev\u00f5te tegutseb ka tehisinttelekti arendamisega ja on teinud selles valdkonnas n\u00e4iteks 1,25 miljardi dollari suuruse igakuise lepingu <a rel=\"noopener nofollow\" target=\"_blank\" href=\"https:\/\/www.delfi.ee\/teema\/96881362\/anthropic\" tag-id=\"96881362\">Anthropicuga<\/a>. <\/p>\n<p>SpaceX-i aktsiatega kauplemine peaks <a rel=\"noopener nofollow\" target=\"_blank\" href=\"https:\/\/www.delfi.ee\/teema\/57256598\/nasdaq\" tag-id=\"57256598\">Nasdaqis<\/a> algama juuni l\u00f5pus b\u00f6rsis\u00fcmboli \u201eSPCX\u201c all. Muskil on SpaceX-is 85,1% h\u00e4\u00e4le\u00f5igusest. Esitatud dokumendis ei ole avaldatud pakutavate aktsiate arvu ega kavandatavat hinda. See peaks selguma paari n\u00e4dala p\u00e4rast.<\/p>\n<p>Kuidas see lugu Sind end tundma pani? Saada <a href=\"https:\/\/arileht.delfi.ee\/artikkel\/120585289\/axios-ajaloo-suurim-ipo-on-saabumas-spacex-esitas-dokumendid-borsile-tulekuks\/kommentaarid\" class=\"article-body-bottom__comment article-body-bottom__comment--write button button--primary button--size-auto\" rel=\"nofollow noopener\" target=\"_blank\"> Kommenteeri <\/a><a href=\"https:\/\/arileht.delfi.ee\/artikkel\/120585289\/axios-ajaloo-suurim-ipo-on-saabumas-spacex-esitas-dokumendid-borsile-tulekuks\/kommentaarid\" class=\"article-body-bottom__comment article-body-bottom__comment--read button button--size-auto\" rel=\"nofollow noopener\" target=\"_blank\"> Loe kommentaare (2)<\/a><\/p>\n","protected":false},"excerpt":{"rendered":"See oleks k\u00f5igi aegade suurim IPO ja v\u00f5ib teha Elon Muskist maailma esimese triljon\u00e4ri. 2002. aastal asutatud SpaceX-ist&hellip;\n","protected":false},"author":2,"featured_media":183187,"comment_status":"","ping_status":"","sticky":false,"template":"","format":"standard","meta":{"footnotes":"","_share_on_mastodon":"0"},"categories":[14],"tags":[7582,131,130,37,33,35,846,34,36,303,3032,28922,11393],"class_list":["post-183186","post","type-post","status-publish","format-standard","has-post-thumbnail","category-ari","tag-anthropic","tag-ari","tag-business","tag-ee","tag-eesti","tag-eesti-keel","tag-elon-musk","tag-estonia","tag-estonian","tag-nasa","tag-nasdaq","tag-spacex","tag-starlink"],"share_on_mastodon":{"url":"https:\/\/pubeurope.com\/@ee\/116610828404373716","error":""},"_links":{"self":[{"href":"https:\/\/www.europesays.com\/ee\/wp-json\/wp\/v2\/posts\/183186","targetHints":{"allow":["GET"]}}],"collection":[{"href":"https:\/\/www.europesays.com\/ee\/wp-json\/wp\/v2\/posts"}],"about":[{"href":"https:\/\/www.europesays.com\/ee\/wp-json\/wp\/v2\/types\/post"}],"author":[{"embeddable":true,"href":"https:\/\/www.europesays.com\/ee\/wp-json\/wp\/v2\/users\/2"}],"replies":[{"embeddable":true,"href":"https:\/\/www.europesays.com\/ee\/wp-json\/wp\/v2\/comments?post=183186"}],"version-history":[{"count":0,"href":"https:\/\/www.europesays.com\/ee\/wp-json\/wp\/v2\/posts\/183186\/revisions"}],"wp:featuredmedia":[{"embeddable":true,"href":"https:\/\/www.europesays.com\/ee\/wp-json\/wp\/v2\/media\/183187"}],"wp:attachment":[{"href":"https:\/\/www.europesays.com\/ee\/wp-json\/wp\/v2\/media?parent=183186"}],"wp:term":[{"taxonomy":"category","embeddable":true,"href":"https:\/\/www.europesays.com\/ee\/wp-json\/wp\/v2\/categories?post=183186"},{"taxonomy":"post_tag","embeddable":true,"href":"https:\/\/www.europesays.com\/ee\/wp-json\/wp\/v2\/tags?post=183186"}],"curies":[{"name":"wp","href":"https:\/\/api.w.org\/{rel}","templated":true}]}}