{"id":183203,"date":"2026-05-21T05:37:08","date_gmt":"2026-05-21T05:37:08","guid":{"rendered":"https:\/\/www.europesays.com\/ee\/183203\/"},"modified":"2026-05-21T05:37:08","modified_gmt":"2026-05-21T05:37:08","slug":"euroopa-liiga-voitjaks-tuli-aston-villa-jalgpall","status":"publish","type":"post","link":"https:\/\/www.europesays.com\/ee\/183203\/","title":{"rendered":"Euroopa liiga v\u00f5itjaks tuli Aston Villa | Jalgpall"},"content":{"rendered":"<p>Jalgpalli Euroopa liiga v\u00f5itjaks tuli Inglismaa klubi Aston Villa, kes alistas Istanbulis toimunud finaalis sakslaste Freiburgi 3:0.<\/p>\n<p>Youri Tielemansi viis Villa 41. minutil juhtima ja vahetult enne poolajavilet kasvatas eduseisu kahev\u00e4ravaliseks Emiliano Buendia. L\u00f5ppseisu vormistas 58. minutil Morgan Rogers.<\/p>\n<p>Villa jaoks oli tegemist teise eurosarja triumfiga p\u00e4rast 1982. aastat, kui v\u00f5ideti Meistrite liiga eelk\u00e4ija Euroopa karikas. Seejuures p\u00e4rines enne kolmap\u00e4eva Villa viimane suurem v\u00f5it 1996. aastast, mil Inglismaa liigakarika finaalis alistati Leeds United.<\/p>\n<p>Pika karikap\u00f5ua l\u00f5ppu n\u00e4gi staadionil teiste seas oma silmaga \u00dchendkuningriigi troonip\u00e4rija, prints William. &#8220;Ta k\u00fclastas meid enne m\u00e4ngu riietusruumis. Ta on \u00fclisuur Villa f\u00e4nn, nii et ta ei oleks seda m\u00e4ngu mitte mingil juhul vahele j\u00e4tnud,&#8221; r\u00e4\u00e4kis Villa kapten John McGinn. &#8220;T\u00e4na \u00f5htul v\u00f5ib ta meiega koos paar pitsi kangemat v\u00f5tta ja loodetavasti maksab tema \u00f5htu l\u00f5pus arve,&#8221; naljatas McGinn.<\/p>\n<p>Villa peatreenerist Unai Emeryst sai Giovanni Trapattoni, Carlo Ancelotti ja Jose Mourinho j\u00e4rel neljas peatreener, kes v\u00f5itnud v\u00e4hemalt viis UEFA eurosarja karikat. 54-aastane hispaanlane t\u00fc\u00fcris Sevilla Euroopa liiga v\u00f5itjaks aastatel 2014, 2015 ja 2016 ning kergitas sama karikat 2021. aastal Villareali juhendajana.<\/p>\n","protected":false},"excerpt":{"rendered":"Jalgpalli Euroopa liiga v\u00f5itjaks tuli Inglismaa klubi Aston Villa, kes alistas Istanbulis toimunud finaalis sakslaste Freiburgi 3:0. Youri&hellip;\n","protected":false},"author":2,"featured_media":183204,"comment_status":"","ping_status":"","sticky":false,"template":"","format":"standard","meta":{"footnotes":"","_share_on_mastodon":"0"},"categories":[18],"tags":[1611,37,33,35,34,36,528,3703,159,158],"class_list":["post-183203","post","type-post","status-publish","format-standard","has-post-thumbnail","category-sport","tag-aston-villa","tag-ee","tag-eesti","tag-eesti-keel","tag-estonia","tag-estonian","tag-freiburg","tag-jalgpalli-euroopa-liiga","tag-sport","tag-sports"],"share_on_mastodon":{"url":"https:\/\/pubeurope.com\/@ee\/116610953978785515","error":""},"_links":{"self":[{"href":"https:\/\/www.europesays.com\/ee\/wp-json\/wp\/v2\/posts\/183203","targetHints":{"allow":["GET"]}}],"collection":[{"href":"https:\/\/www.europesays.com\/ee\/wp-json\/wp\/v2\/posts"}],"about":[{"href":"https:\/\/www.europesays.com\/ee\/wp-json\/wp\/v2\/types\/post"}],"author":[{"embeddable":true,"href":"https:\/\/www.europesays.com\/ee\/wp-json\/wp\/v2\/users\/2"}],"replies":[{"embeddable":true,"href":"https:\/\/www.europesays.com\/ee\/wp-json\/wp\/v2\/comments?post=183203"}],"version-history":[{"count":0,"href":"https:\/\/www.europesays.com\/ee\/wp-json\/wp\/v2\/posts\/183203\/revisions"}],"wp:featuredmedia":[{"embeddable":true,"href":"https:\/\/www.europesays.com\/ee\/wp-json\/wp\/v2\/media\/183204"}],"wp:attachment":[{"href":"https:\/\/www.europesays.com\/ee\/wp-json\/wp\/v2\/media?parent=183203"}],"wp:term":[{"taxonomy":"category","embeddable":true,"href":"https:\/\/www.europesays.com\/ee\/wp-json\/wp\/v2\/categories?post=183203"},{"taxonomy":"post_tag","embeddable":true,"href":"https:\/\/www.europesays.com\/ee\/wp-json\/wp\/v2\/tags?post=183203"}],"curies":[{"name":"wp","href":"https:\/\/api.w.org\/{rel}","templated":true}]}}