{"id":183247,"date":"2026-05-21T06:25:10","date_gmt":"2026-05-21T06:25:10","guid":{"rendered":"https:\/\/www.europesays.com\/ee\/183247\/"},"modified":"2026-05-21T06:25:10","modified_gmt":"2026-05-21T06:25:10","slug":"trump-lubas-diplomaatilist-tava-eirates-raakida-taiwani-presidendiga","status":"publish","type":"post","link":"https:\/\/www.europesays.com\/ee\/183247\/","title":{"rendered":"Trump lubas diplomaatilist tava eirates r\u00e4\u00e4kida Taiwani presidendiga"},"content":{"rendered":"<p>\u201eMa r\u00e4\u00e4gin temaga,\u201c \u00fctles Trump ajakirjanikele, kes k\u00fcsisid Lai kohta. \u201eMa r\u00e4\u00e4gin k\u00f5igiga. \/&#8230;\/ Me t\u00f6\u00f6tame selle kallal, Taiwani probleemi kallal.\u201c<\/p>\n<p>Taiwani v\u00e4lisministeerium teatas t\u00e4na hommikul, et Lail oleks hea meel USA presidendiga r\u00e4\u00e4kida, vahendas Reuters.<\/p>\n<p>Probleem on aga selles, et USA ja Taiwani president ei ole omavahel r\u00e4\u00e4kinud p\u00e4rast seda, kui <a rel=\"noopener nofollow\" target=\"_blank\" href=\"https:\/\/www.delfi.ee\/teema\/82789297\/washington\" tag-id=\"82789297\">Washington<\/a> hakkas 1979. aastal <a rel=\"noopener nofollow\" target=\"_blank\" href=\"https:\/\/www.delfi.ee\/teema\/38563279\/taipei\" tag-id=\"38563279\">Taipei<\/a> asemel tunnustama <a rel=\"noopener nofollow\" target=\"_blank\" href=\"https:\/\/www.delfi.ee\/teema\/66945152\/peking\" tag-id=\"66945152\">Pekingit<\/a>. Trump rikkus reeglit juba 2016. aastal, kui oli juba presidendiks valitud, aga mitte veel vannutatud, r\u00e4\u00e4kides Taiwani tollase presidendi Tsai Ing-weniga.<\/p>\n<p>Hiina valitsus esitas tollal USA valitsusele kaebuse ja Trumpi \u00fclev\u00f5tmismeeskond pisendas vestluse t\u00e4htsust.<\/p>\n<p>Trump \u00fctles juba teist korda n\u00e4dala jooksul, et kavatseb Laiga r\u00e4\u00e4kida, mis l\u00fckkab \u00fcmber esialgse spekulatsiooni, et kui ta seda esimest korda p\u00e4rast kohtumist Hiina juhi <a rel=\"noopener nofollow\" target=\"_blank\" href=\"https:\/\/www.delfi.ee\/teema\/64947984\/xi-jinping\" tag-id=\"64947984\">Xi Jinpingiga<\/a> mainis, oli see lihtsalt keelev\u00e4\u00e4ratus.<\/p>\n<p>Trumpi administratsiooni ametnikud on v\u00e4itnud, et Trump on heaks kiitnud enamate relvade m\u00fc\u00fcmise Taiwanile kui \u00fckski teine USA president, aga Trump on nimetanud tulevast relvam\u00fc\u00fcki ka v\u00e4ga heaks l\u00e4bir\u00e4\u00e4kimishoovaks.<\/p>\n<p>Trump on korduvalt kiitnud oma suurep\u00e4rast l\u00e4bisaamist Xiga. P\u00e4rast l\u00e4inudn\u00e4dalast visiiti Pekingisse \u00fctles Trump, et ei ole otsustanud, kas minna edasi suure kuni 14 miljardi dollari v\u00e4\u00e4rtuses relvam\u00fc\u00fcgiga Taiwanile, mis suurendas ebakindlust USA toetuse kohta Taiwanile.<\/p>\n<p>Trumpile surve avaldamiseks venitab Peking n\u00fc\u00fcd teadete kohaselt <a rel=\"noopener nofollow\" target=\"_blank\" href=\"https:\/\/www.delfi.ee\/teema\/24562395\/pentagon\" tag-id=\"24562395\">Pentagoni<\/a> kaitsepoliitika aseministri <a rel=\"noopener nofollow\" target=\"_blank\" href=\"https:\/\/www.delfi.ee\/teema\/96879626\/elbridge-colby\" tag-id=\"96879626\">Elbridge Colby<\/a> v\u00f5imaliku suvise Hiina-visiidi kinnitamisega. Peking on Washingtonile m\u00e4rku andnud, et ei saa Colby visiiti heaks kiita, kuni Trump Taiwanile relvade m\u00fc\u00fcmise kohta otsuse teeb, teatas oma allikatele viidates Financial Times.<\/p>\n<p>Kuidas see lugu Sind end tundma pani? Saada <a href=\"https:\/\/www.delfi.ee\/artikkel\/120585304\/trump-lubas-diplomaatilist-tava-eirates-raakida-taiwani-presidendiga\/kommentaarid\" class=\"article-body-bottom__comment article-body-bottom__comment--write button button--primary button--size-auto\" rel=\"nofollow noopener\" target=\"_blank\"> Kommenteeri <\/a><a href=\"https:\/\/www.delfi.ee\/artikkel\/120585304\/trump-lubas-diplomaatilist-tava-eirates-raakida-taiwani-presidendiga\/kommentaarid\" class=\"article-body-bottom__comment article-body-bottom__comment--read button button--size-auto\" rel=\"nofollow noopener\" target=\"_blank\"> Loe kommentaare (4)<\/a><\/p>\n","protected":false},"excerpt":{"rendered":"\u201eMa r\u00e4\u00e4gin temaga,\u201c \u00fctles Trump ajakirjanikele, kes k\u00fcsisid Lai kohta. \u201eMa r\u00e4\u00e4gin k\u00f5igiga. \/&#8230;\/ Me t\u00f6\u00f6tame selle kallal,&hellip;\n","protected":false},"author":2,"featured_media":183248,"comment_status":"","ping_status":"","sticky":false,"template":"","format":"standard","meta":{"footnotes":"","_share_on_mastodon":"0"},"categories":[5],"tags":[26,27,324,37,33,35,26046,34,36,31,32,21,326,1178,28,29,19,7227,460,25,23511,1174,23,24,22,325,20,30,2405,327],"class_list":["post-183247","post","type-post","status-publish","format-standard","has-post-thumbnail","category-uldised-uudised","tag-breaking-news","tag-breakingnews","tag-donald-trump","tag-ee","tag-eesti","tag-eesti-keel","tag-elbridge-colby","tag-estonia","tag-estonian","tag-featured-news","tag-featurednews","tag-headlines","tag-hiina","tag-lai-ching-te","tag-latest-news","tag-latestnews","tag-news","tag-peking","tag-pentagon","tag-populaarseimad-lood","tag-taipei","tag-taiwan","tag-top-stories","tag-topstories","tag-uldised-uudised","tag-usa","tag-uudised","tag-viimased-uudised","tag-washington","tag-xi-jinping"],"share_on_mastodon":{"url":"https:\/\/pubeurope.com\/@ee\/116611142362887605","error":""},"_links":{"self":[{"href":"https:\/\/www.europesays.com\/ee\/wp-json\/wp\/v2\/posts\/183247","targetHints":{"allow":["GET"]}}],"collection":[{"href":"https:\/\/www.europesays.com\/ee\/wp-json\/wp\/v2\/posts"}],"about":[{"href":"https:\/\/www.europesays.com\/ee\/wp-json\/wp\/v2\/types\/post"}],"author":[{"embeddable":true,"href":"https:\/\/www.europesays.com\/ee\/wp-json\/wp\/v2\/users\/2"}],"replies":[{"embeddable":true,"href":"https:\/\/www.europesays.com\/ee\/wp-json\/wp\/v2\/comments?post=183247"}],"version-history":[{"count":0,"href":"https:\/\/www.europesays.com\/ee\/wp-json\/wp\/v2\/posts\/183247\/revisions"}],"wp:featuredmedia":[{"embeddable":true,"href":"https:\/\/www.europesays.com\/ee\/wp-json\/wp\/v2\/media\/183248"}],"wp:attachment":[{"href":"https:\/\/www.europesays.com\/ee\/wp-json\/wp\/v2\/media?parent=183247"}],"wp:term":[{"taxonomy":"category","embeddable":true,"href":"https:\/\/www.europesays.com\/ee\/wp-json\/wp\/v2\/categories?post=183247"},{"taxonomy":"post_tag","embeddable":true,"href":"https:\/\/www.europesays.com\/ee\/wp-json\/wp\/v2\/tags?post=183247"}],"curies":[{"name":"wp","href":"https:\/\/api.w.org\/{rel}","templated":true}]}}