{"id":183337,"date":"2026-05-21T08:11:12","date_gmt":"2026-05-21T08:11:12","guid":{"rendered":"https:\/\/www.europesays.com\/ee\/183337\/"},"modified":"2026-05-21T08:11:12","modified_gmt":"2026-05-21T08:11:12","slug":"eelmise-mm-i-parim-vaht-murdis-uhe-oma-peamistest-toovahenditest-naib-asi-tosine-soccernet-ee","status":"publish","type":"post","link":"https:\/\/www.europesays.com\/ee\/183337\/","title":{"rendered":"Eelmise MM-i parim vaht murdis \u00fche oma peamistest t\u00f6\u00f6vahenditest. N\u00e4ib asi t\u00f5sine? &#8211; Soccernet.ee"},"content":{"rendered":"<p><img decoding=\"async\" src=\"https:\/\/www.europesays.com\/ee\/wp-content\/uploads\/2026\/05\/1779344576.jpg\" alt=\"Kas Emiliano Martinezi MM on ohus? Foto: Scanpix \/ Adam Davy \/ PA Wire \/ PA Images\"\/>&#13;\n<\/p>\n<p>Emiliano Martinez j\u00e4tkas v\u00f5itmatu finalistina ka esimest korda purunenud s\u00f5rmeluuga. Asi v\u00f5ib MM-i arvestades olla aga t\u00f5sine.<\/p>\n<p>Istanbulis toimunud Euroopa liiga finaalis kohtusid SC Freiburg ja Aston Villa, keda juhendab legendaarne Unai Emery. Seegi eurokarikas oli tema v\u00f5ita, kui Aston Villa l\u00f5i avapoolaja l\u00f5pus ja teise alguses v\u00f5idukad kolm v\u00e4ravat \u00e4ra ning asus rohkem kui 40 aasta j\u00e4rel uuesti juubeldama. Nende seas taga nulli hoidnud Emiliano Martinez, kel oli tegelikult s\u00f5rmeluu katki.&#13;\n<\/p>\n<p>&#8220;Murdsin soojendusel s\u00f5rme, aga minu jaoks tuleb iga halb asi koos millegi heaga. Olen nii tulnud l\u00e4bi terve elu ja panen ka edasi!&#8221; ei teinud mees ise juhtunust suurt numbrit. L\u00e4bi terve m\u00e4ngu polnud tal suurt midagi teha ning l\u00f5puks l\u00e4ks kirja kaks t\u00f5rjet. &#8220;Kas ma peaksin muretsema? Noh, ega mul pole kunagi s\u00f5rmeluumurdu olnud. Iga kord, kui palli p\u00fc\u00fcdsin, l\u00e4ks see teisele poole. Samas need on asjad, millest tuleb lihtsalt hambad ristis l\u00e4bi minna.&#8221;&#13;\n<\/p>\n<p>Martinezi jaoks j\u00e4tkus Aston Villaga v\u00f5idutsemisega kihvt seeria: ta on v\u00f5itnud k\u00f5ik seitse finaali, milles on osalenud. Jada sai alguse kuue aasta eest Inglismaa karikasarjas, kus tehti Arsenaliga 2:1 tuul alla Chelseale. Nelja aasta eest olnud MM-il v\u00f5itis ta Argentina v\u00e4ravasuul Prantsusmaad ja teenis ka turniiri parima v\u00e4ravavahi auhinna.<\/p>\n<blockquote class=\"twitter-tweet\"><p>&#13;<\/p>\n<p lang=\"en\" dir=\"ltr\">\ud83c\udde6\ud83c\uddf7\ud83e\udd2f Emiliano Mart\u00ednez has won EVERY final he played in throughout his career:<\/p>\n<p>\ud83c\udfc6 FA Cup vs Arsenal, 2020.<br \/>&#13;<br \/>\n\ud83c\udfc6 Community Shield vs Liverpool, 2020.<br \/>&#13;<br \/>\n\ud83c\udfc6 Copa Am\u00e9rica vs Brazil, 2021.<br \/>&#13;<br \/>\n\ud83c\udfc6 Finalissima vs Italy, 2022.<br \/>&#13;<br \/>\n\ud83c\udfc6 World Cup vs France, 2022.<br \/>&#13;<br \/>\n\ud83c\udfc6 Copa Am\u00e9rica vs Colombia, 2024.<br \/>&#13;<br \/>\n\ud83c\udfc6\u2026 <a href=\"https:\/\/t.co\/bf8pEIrLHX\" rel=\"nofollow\">pic.twitter.com\/bf8pEIrLHX<\/a>&#13;<br \/>\n\u2014 Football Tweet \u26bd\uea00 (@Footballtweet) <a href=\"https:\/\/twitter.com\/Footballtweet\/status\/2057203629560357010?ref_src=twsrc%5Etfw\" rel=\"nofollow noopener\" target=\"_blank\">May 20, 2026<\/a><\/p>\n<\/blockquote>\n<p>Kuna uus MM on v\u00e4hem kui kuu kaugusel, hoiab Argentina hinge kinni &#8211; kui t\u00f5sine on esikinda vigastus?! M\u00e4ngu ja sellele j\u00e4rgnenud muretu t\u00e4histuse &#8211; pool meeskonda ja ka Emery k\u00e4isid \u00e4ra mehe kukil &#8211; j\u00e4rgi pigem tagasihoidlikum v\u00f5i siis v\u00e4hemalt selline, mille saab osava tohterdamisega kontrolli all hoida.\u00a0<\/p>\n<p>Argentina teine number on olnud samuti 33-aastane Geronimo Rulli, kes on viimase kahe aasta jooksul saanud kirja kolm koondisem\u00e4ngu. Koos tema ja korduvalt maailma parimaks (FIFA, Yashin) valitud Emiliano Martineziga on Argentina esialgses valikus kuus nime. K\u00f5ik koosseisud tuleb teatavaks teha hiljemalt 30. mail. MM-i alagrupis kohtub tiitlikaitsja Argentina Al\u017eeeria, Austria ja Jordaaniaga.                         <\/p>\n<p><script async src=\"https:\/\/platform.twitter.com\/widgets.js\" charset=\"utf-8\"><\/script><\/p>\n","protected":false},"excerpt":{"rendered":"&#13; Emiliano Martinez j\u00e4tkas v\u00f5itmatu finalistina ka esimest korda purunenud s\u00f5rmeluuga. Asi v\u00f5ib MM-i arvestades olla aga t\u00f5sine.&hellip;\n","protected":false},"author":2,"featured_media":183338,"comment_status":"","ping_status":"","sticky":false,"template":"","format":"standard","meta":{"footnotes":"","_share_on_mastodon":"0"},"categories":[18],"tags":[5000,1611,80785,37,33,35,80786,61154,34,36,3680,45724,159,158],"class_list":["post-183337","post","type-post","status-publish","format-standard","has-post-thumbnail","category-sport","tag-argentina","tag-aston-villa","tag-dibu-martinez","tag-ee","tag-eesti","tag-eesti-keel","tag-emi-martinez","tag-emiliano-martinez","tag-estonia","tag-estonian","tag-euroopa-liiga","tag-martinez","tag-sport","tag-sports"],"share_on_mastodon":{"url":"https:\/\/pubeurope.com\/@ee\/116611559445617373","error":""},"_links":{"self":[{"href":"https:\/\/www.europesays.com\/ee\/wp-json\/wp\/v2\/posts\/183337","targetHints":{"allow":["GET"]}}],"collection":[{"href":"https:\/\/www.europesays.com\/ee\/wp-json\/wp\/v2\/posts"}],"about":[{"href":"https:\/\/www.europesays.com\/ee\/wp-json\/wp\/v2\/types\/post"}],"author":[{"embeddable":true,"href":"https:\/\/www.europesays.com\/ee\/wp-json\/wp\/v2\/users\/2"}],"replies":[{"embeddable":true,"href":"https:\/\/www.europesays.com\/ee\/wp-json\/wp\/v2\/comments?post=183337"}],"version-history":[{"count":0,"href":"https:\/\/www.europesays.com\/ee\/wp-json\/wp\/v2\/posts\/183337\/revisions"}],"wp:featuredmedia":[{"embeddable":true,"href":"https:\/\/www.europesays.com\/ee\/wp-json\/wp\/v2\/media\/183338"}],"wp:attachment":[{"href":"https:\/\/www.europesays.com\/ee\/wp-json\/wp\/v2\/media?parent=183337"}],"wp:term":[{"taxonomy":"category","embeddable":true,"href":"https:\/\/www.europesays.com\/ee\/wp-json\/wp\/v2\/categories?post=183337"},{"taxonomy":"post_tag","embeddable":true,"href":"https:\/\/www.europesays.com\/ee\/wp-json\/wp\/v2\/tags?post=183337"}],"curies":[{"name":"wp","href":"https:\/\/api.w.org\/{rel}","templated":true}]}}