{"id":183533,"date":"2026-05-21T12:49:13","date_gmt":"2026-05-21T12:49:13","guid":{"rendered":"https:\/\/www.europesays.com\/ee\/183533\/"},"modified":"2026-05-21T12:49:13","modified_gmt":"2026-05-21T12:49:13","slug":"kersna-tahab-err-i-noukogusse-rohkem-eksperte-kui-poliitikuid-isamaa-kardab-poliitilise-moju-kasvu","status":"publish","type":"post","link":"https:\/\/www.europesays.com\/ee\/183533\/","title":{"rendered":"Kersna tahab ERR-i n\u00f5ukogusse rohkem eksperte kui poliitikuid. Isamaa kardab poliitilise m\u00f5ju kasvu"},"content":{"rendered":"<p><img decoding=\"async\" src=\"https:\/\/www.europesays.com\/ee\/wp-content\/uploads\/2026\/05\/1b88fc44-6278-4bf4-a5d5-0153ce17fccd.jpg\" loading=\"lazy\" alt=\"Seadusemuudatus t\u00e4hendaks praegu kolme uut eksperti ERRi n\u00f5ukogusse\"\/><\/p>\n<p>Seadusemuudatus t\u00e4hendaks praegu kolme uut eksperti ERRi n\u00f5ukogusse<\/p>\n<p>FOTO: andres puttinganni \u00f5nneleidtaavi sepprauno volmarkiur kaasiktiit blaatilmar saabaskollaa\u017e: kristopher muraveiski| Delfi Meedia<\/p>\n<p>Eesti rahvusringh\u00e4\u00e4lingu (<a rel=\"noopener nofollow\" target=\"_blank\" href=\"https:\/\/www.delfi.ee\/teema\/96852784\/err-1\" tag-id=\"96852784\">ERR<\/a>) n\u00f5ukogus on praegu poliitikuid rohkem kui eksperte. Koalitsioon soovib selle suveks \u00e4ra muuta n\u00f5nda, et n\u00f5ukogus on ekspertliikmeid \u00fche liikme v\u00f5rra rohkem kui poliitikuid.<\/p>\n","protected":false},"excerpt":{"rendered":"Seadusemuudatus t\u00e4hendaks praegu kolme uut eksperti ERRi n\u00f5ukogusse FOTO: andres puttinganni \u00f5nneleidtaavi sepprauno volmarkiur kaasiktiit blaatilmar saabaskollaa\u017e: kristopher&hellip;\n","protected":false},"author":2,"featured_media":183534,"comment_status":"","ping_status":"","sticky":false,"template":"","format":"standard","meta":{"footnotes":"","_share_on_mastodon":"0"},"categories":[12],"tags":[26,27,37,33,35,2097,20712,34,36,31,32,21,28,29,11236,19,25,26491,31620,3144,23,24,22,20,30],"class_list":["post-183533","post","type-post","status-publish","format-standard","has-post-thumbnail","category-eesti","tag-breaking-news","tag-breakingnews","tag-ee","tag-eesti","tag-eesti-keel","tag-err","tag-err-i-noukogu","tag-estonia","tag-estonian","tag-featured-news","tag-featurednews","tag-headlines","tag-latest-news","tag-latestnews","tag-liina-kersna","tag-news","tag-populaarseimad-lood","tag-riigikogu-kultuurikomisjon","tag-sulev-valner","tag-tonis-lukas","tag-top-stories","tag-topstories","tag-uldised-uudised","tag-uudised","tag-viimased-uudised"],"share_on_mastodon":{"url":"https:\/\/pubeurope.com\/@ee\/116612652620081516","error":""},"_links":{"self":[{"href":"https:\/\/www.europesays.com\/ee\/wp-json\/wp\/v2\/posts\/183533","targetHints":{"allow":["GET"]}}],"collection":[{"href":"https:\/\/www.europesays.com\/ee\/wp-json\/wp\/v2\/posts"}],"about":[{"href":"https:\/\/www.europesays.com\/ee\/wp-json\/wp\/v2\/types\/post"}],"author":[{"embeddable":true,"href":"https:\/\/www.europesays.com\/ee\/wp-json\/wp\/v2\/users\/2"}],"replies":[{"embeddable":true,"href":"https:\/\/www.europesays.com\/ee\/wp-json\/wp\/v2\/comments?post=183533"}],"version-history":[{"count":0,"href":"https:\/\/www.europesays.com\/ee\/wp-json\/wp\/v2\/posts\/183533\/revisions"}],"wp:featuredmedia":[{"embeddable":true,"href":"https:\/\/www.europesays.com\/ee\/wp-json\/wp\/v2\/media\/183534"}],"wp:attachment":[{"href":"https:\/\/www.europesays.com\/ee\/wp-json\/wp\/v2\/media?parent=183533"}],"wp:term":[{"taxonomy":"category","embeddable":true,"href":"https:\/\/www.europesays.com\/ee\/wp-json\/wp\/v2\/categories?post=183533"},{"taxonomy":"post_tag","embeddable":true,"href":"https:\/\/www.europesays.com\/ee\/wp-json\/wp\/v2\/tags?post=183533"}],"curies":[{"name":"wp","href":"https:\/\/api.w.org\/{rel}","templated":true}]}}