{"id":183554,"date":"2026-05-21T13:12:08","date_gmt":"2026-05-21T13:12:08","guid":{"rendered":"https:\/\/www.europesays.com\/ee\/183554\/"},"modified":"2026-05-21T13:12:08","modified_gmt":"2026-05-21T13:12:08","slug":"itaallased-valisid-tosielusaate-voitjaks-mussolini-lapselapse","status":"publish","type":"post","link":"https:\/\/www.europesays.com\/ee\/183554\/","title":{"rendered":"Itaallased valisid t\u00f5sielusaate v\u00f5itjaks Mussolini lapselapse"},"content":{"rendered":"<p>Itaalia kurikuulsa diktaatori Benito Mussolini lapselapse triumf kohalikus menusaates t\u00f5estab taas kord seda, et riigi fa\u0161istliku mineviku ees pigistatakse \u00fcks silm kinni.<\/p>\n<p>63-aastane endine n\u00e4itleja, laulja, parlamendisaadik ja telesaatejuht Alessandra Mussolini p\u00e4lvis teisip\u00e4eva \u00f5htul v\u00f5idu kohalikus k\u00f5musaates Grande Fratello VIP, vahendas The Times.<\/p>\n","protected":false},"excerpt":{"rendered":"Itaalia kurikuulsa diktaatori Benito Mussolini lapselapse triumf kohalikus menusaates t\u00f5estab taas kord seda, et riigi fa\u0161istliku mineviku ees&hellip;\n","protected":false},"author":2,"featured_media":183555,"comment_status":"","ping_status":"","sticky":false,"template":"","format":"standard","meta":{"footnotes":"","_share_on_mastodon":"0"},"categories":[5],"tags":[80830,80831,37102,26,27,37,33,35,34,36,48484,31,32,21,109,28,29,19,25,23,24,22,20,30],"class_list":["post-183554","post","type-post","status-publish","format-standard","has-post-thumbnail","category-uldised-uudised","tag-alessandra-mussolini","tag-benito-mussolini","tag-big-brother","tag-breaking-news","tag-breakingnews","tag-ee","tag-eesti","tag-eesti-keel","tag-estonia","tag-estonian","tag-fasism","tag-featured-news","tag-featurednews","tag-headlines","tag-itaalia","tag-latest-news","tag-latestnews","tag-news","tag-populaarseimad-lood","tag-top-stories","tag-topstories","tag-uldised-uudised","tag-uudised","tag-viimased-uudised"],"share_on_mastodon":{"url":"https:\/\/pubeurope.com\/@ee\/116612742927362783","error":""},"_links":{"self":[{"href":"https:\/\/www.europesays.com\/ee\/wp-json\/wp\/v2\/posts\/183554","targetHints":{"allow":["GET"]}}],"collection":[{"href":"https:\/\/www.europesays.com\/ee\/wp-json\/wp\/v2\/posts"}],"about":[{"href":"https:\/\/www.europesays.com\/ee\/wp-json\/wp\/v2\/types\/post"}],"author":[{"embeddable":true,"href":"https:\/\/www.europesays.com\/ee\/wp-json\/wp\/v2\/users\/2"}],"replies":[{"embeddable":true,"href":"https:\/\/www.europesays.com\/ee\/wp-json\/wp\/v2\/comments?post=183554"}],"version-history":[{"count":0,"href":"https:\/\/www.europesays.com\/ee\/wp-json\/wp\/v2\/posts\/183554\/revisions"}],"wp:featuredmedia":[{"embeddable":true,"href":"https:\/\/www.europesays.com\/ee\/wp-json\/wp\/v2\/media\/183555"}],"wp:attachment":[{"href":"https:\/\/www.europesays.com\/ee\/wp-json\/wp\/v2\/media?parent=183554"}],"wp:term":[{"taxonomy":"category","embeddable":true,"href":"https:\/\/www.europesays.com\/ee\/wp-json\/wp\/v2\/categories?post=183554"},{"taxonomy":"post_tag","embeddable":true,"href":"https:\/\/www.europesays.com\/ee\/wp-json\/wp\/v2\/tags?post=183554"}],"curies":[{"name":"wp","href":"https:\/\/api.w.org\/{rel}","templated":true}]}}