{"id":183606,"date":"2026-05-21T14:18:11","date_gmt":"2026-05-21T14:18:11","guid":{"rendered":"https:\/\/www.europesays.com\/ee\/183606\/"},"modified":"2026-05-21T14:18:11","modified_gmt":"2026-05-21T14:18:11","slug":"parvlaeva-kihnu-virve-liinile-naasmine-lukkub-edasi","status":"publish","type":"post","link":"https:\/\/www.europesays.com\/ee\/183606\/","title":{"rendered":"Parvlaeva Kihnu Virve liinile naasmine l\u00fckkub edasi"},"content":{"rendered":"<p>See, kui kauaks muidu S\u00f5ru\u2013Triigi liini teenindav parvlaev Soela Kihnu Virve asemel Kihnu\u2013Munalaiu ja Manilaiu\u2013Munalaiu liinile j\u00e4\u00e4b, selgub reedel, mil toimub kohtumine ministeeriumi, vedaja ning asjassepuutuvate omavalitsuste vahel.<\/p>\n<p>Parvlaeva Kihnu Virve asemel s\u00f5itnud parvlaeva Reet tabas neljap\u00e4eval, 30. aprillil tehniline rike, mille t\u00f5ttu suundus parvlaev Soela S\u00f5ru\u2013Triigi liinilt teenindama Kihnu ja Manilaiu liine. Neljap\u00e4evast, 7. maist suundus S\u00f5ru\u2013Triigi liinile parvlaev Amalie.<\/p>\n<p>Kuidas see lugu Sind end tundma pani? Saada <a href=\"https:\/\/maaleht.delfi.ee\/artikkel\/120585441\/parvlaeva-kihnu-virve-liinile-naasmine-lukkub-edasi\/kommentaarid\" class=\"article-body-bottom__comment article-body-bottom__comment--write button button--primary button--size-auto\" rel=\"nofollow noopener\" target=\"_blank\"> Kommenteeri <\/a><a href=\"https:\/\/maaleht.delfi.ee\/artikkel\/120585441\/parvlaeva-kihnu-virve-liinile-naasmine-lukkub-edasi\/kommentaarid\" class=\"article-body-bottom__comment article-body-bottom__comment--read button button--size-auto\" rel=\"nofollow noopener\" target=\"_blank\"> Loe kommentaare (4)<\/a><\/p>\n","protected":false},"excerpt":{"rendered":"See, kui kauaks muidu S\u00f5ru\u2013Triigi liini teenindav parvlaev Soela Kihnu Virve asemel Kihnu\u2013Munalaiu ja Manilaiu\u2013Munalaiu liinile j\u00e4\u00e4b, selgub&hellip;\n","protected":false},"author":2,"featured_media":183607,"comment_status":"","ping_status":"","sticky":false,"template":"","format":"standard","meta":{"footnotes":"","_share_on_mastodon":"0"},"categories":[12],"tags":[26,27,37,33,35,34,36,31,32,21,26800,28,29,19,23109,25,23,24,22,20,30],"class_list":["post-183606","post","type-post","status-publish","format-standard","has-post-thumbnail","category-eesti","tag-breaking-news","tag-breakingnews","tag-ee","tag-eesti","tag-eesti-keel","tag-estonia","tag-estonian","tag-featured-news","tag-featurednews","tag-headlines","tag-kihnu","tag-latest-news","tag-latestnews","tag-news","tag-parvlaev","tag-populaarseimad-lood","tag-top-stories","tag-topstories","tag-uldised-uudised","tag-uudised","tag-viimased-uudised"],"share_on_mastodon":{"url":"https:\/\/pubeurope.com\/@ee\/116613002496018460","error":""},"_links":{"self":[{"href":"https:\/\/www.europesays.com\/ee\/wp-json\/wp\/v2\/posts\/183606","targetHints":{"allow":["GET"]}}],"collection":[{"href":"https:\/\/www.europesays.com\/ee\/wp-json\/wp\/v2\/posts"}],"about":[{"href":"https:\/\/www.europesays.com\/ee\/wp-json\/wp\/v2\/types\/post"}],"author":[{"embeddable":true,"href":"https:\/\/www.europesays.com\/ee\/wp-json\/wp\/v2\/users\/2"}],"replies":[{"embeddable":true,"href":"https:\/\/www.europesays.com\/ee\/wp-json\/wp\/v2\/comments?post=183606"}],"version-history":[{"count":0,"href":"https:\/\/www.europesays.com\/ee\/wp-json\/wp\/v2\/posts\/183606\/revisions"}],"wp:featuredmedia":[{"embeddable":true,"href":"https:\/\/www.europesays.com\/ee\/wp-json\/wp\/v2\/media\/183607"}],"wp:attachment":[{"href":"https:\/\/www.europesays.com\/ee\/wp-json\/wp\/v2\/media?parent=183606"}],"wp:term":[{"taxonomy":"category","embeddable":true,"href":"https:\/\/www.europesays.com\/ee\/wp-json\/wp\/v2\/categories?post=183606"},{"taxonomy":"post_tag","embeddable":true,"href":"https:\/\/www.europesays.com\/ee\/wp-json\/wp\/v2\/tags?post=183606"}],"curies":[{"name":"wp","href":"https:\/\/api.w.org\/{rel}","templated":true}]}}