{"id":183637,"date":"2026-05-21T14:59:11","date_gmt":"2026-05-21T14:59:11","guid":{"rendered":"https:\/\/www.europesays.com\/ee\/183637\/"},"modified":"2026-05-21T14:59:11","modified_gmt":"2026-05-21T14:59:11","slug":"tipphetked-flora-noored-mangisid-kaks-korda-eduseisu-maha-aga-kallutasid-seejarel-finaali-enda-kasuks-soccernet-ee","status":"publish","type":"post","link":"https:\/\/www.europesays.com\/ee\/183637\/","title":{"rendered":"Tipphetked: Flora noored m\u00e4ngisid kaks korda eduseisu maha, aga kallutasid seej\u00e4rel finaali enda kasuks &#8211; Soccernet.ee"},"content":{"rendered":"<p><img decoding=\"async\" src=\"https:\/\/www.europesays.com\/ee\/wp-content\/uploads\/2026\/05\/1779369682.jpg\" alt=\"FC Flora v\u00f5itis U19 Eliitliiga Meistriliiga. Foto: Liisi Troska \/ jalgpall.ee\"\/>&#13;\n<\/p>\n<p>P\u00e4rnu Rannstaadionil toimunud U19 Eliitliiga Meistriliiga v\u00f5itjaks krooniti FC Flora, kes alistas finaalis 5:2 FCI Levadia.<\/p>\n<p>Flora asus esimesel poolajal kaks korda juhtima, kui skoori tegid Sander Alamaa ja Andero Kaares, aga Levadial oli m\u00f5lemal korral vastus olemas, sest Maksimilian Skvortsov l\u00f5i 1:1 ja Fjdoro Rodionov 2:2. Teisel poolajal pani Flora oma paremuse maksma, kui Karl-Tristan Lorenz, Alamaa ja Tony Varjund vormistasid l\u00f5ppseisuks 5:2.&#13;\n<\/p>\n<p>Flora p\u00e4\u00e4seb t\u00e4nu karikav\u00f5idule n\u00fc\u00fcd osalema UEFA noorteliigasse, kus tuleb alustada eelringist. M\u00e4ngud peetakse eeldatavasti septembris-oktoobris. Ehkki Flora krooniti U19 Eliitliiga Meistriliiga v\u00f5itjaks ka 2023. aasta suvel, oli toona tegu viimase hooajaga, kus Eesti noortemeister eurosarja ei p\u00e4\u00e4senud. Seej\u00e4rel muudeti aga v\u00f5istluste s\u00fcsteemi ning j\u00e4rgmised meistrid Tallinna Kalev ja Narva Trans on saanud end ka Euroopas proovile panna.&#13;\n<\/p>\n<p>&#13;<\/p>\n","protected":false},"excerpt":{"rendered":"&#13; P\u00e4rnu Rannstaadionil toimunud U19 Eliitliiga Meistriliiga v\u00f5itjaks krooniti FC Flora, kes alistas finaalis 5:2 FCI Levadia. Flora&hellip;\n","protected":false},"author":2,"featured_media":183638,"comment_status":"","ping_status":"","sticky":false,"template":"","format":"standard","meta":{"footnotes":"","_share_on_mastodon":"0"},"categories":[18],"tags":[37,33,35,34,36,80844,78713,44435,17877,159,158,44450],"class_list":["post-183637","post","type-post","status-publish","format-standard","has-post-thumbnail","category-sport","tag-ee","tag-eesti","tag-eesti-keel","tag-estonia","tag-estonian","tag-fc-flora-u19","tag-fci-levadia-u19","tag-flora-u19","tag-levadia-u19","tag-sport","tag-sports","tag-u19-eliitliiga-meistrilii"],"share_on_mastodon":{"url":"https:\/\/pubeurope.com\/@ee\/116613163638095307","error":""},"_links":{"self":[{"href":"https:\/\/www.europesays.com\/ee\/wp-json\/wp\/v2\/posts\/183637","targetHints":{"allow":["GET"]}}],"collection":[{"href":"https:\/\/www.europesays.com\/ee\/wp-json\/wp\/v2\/posts"}],"about":[{"href":"https:\/\/www.europesays.com\/ee\/wp-json\/wp\/v2\/types\/post"}],"author":[{"embeddable":true,"href":"https:\/\/www.europesays.com\/ee\/wp-json\/wp\/v2\/users\/2"}],"replies":[{"embeddable":true,"href":"https:\/\/www.europesays.com\/ee\/wp-json\/wp\/v2\/comments?post=183637"}],"version-history":[{"count":0,"href":"https:\/\/www.europesays.com\/ee\/wp-json\/wp\/v2\/posts\/183637\/revisions"}],"wp:featuredmedia":[{"embeddable":true,"href":"https:\/\/www.europesays.com\/ee\/wp-json\/wp\/v2\/media\/183638"}],"wp:attachment":[{"href":"https:\/\/www.europesays.com\/ee\/wp-json\/wp\/v2\/media?parent=183637"}],"wp:term":[{"taxonomy":"category","embeddable":true,"href":"https:\/\/www.europesays.com\/ee\/wp-json\/wp\/v2\/categories?post=183637"},{"taxonomy":"post_tag","embeddable":true,"href":"https:\/\/www.europesays.com\/ee\/wp-json\/wp\/v2\/tags?post=183637"}],"curies":[{"name":"wp","href":"https:\/\/api.w.org\/{rel}","templated":true}]}}