{"id":183814,"date":"2026-05-21T19:05:11","date_gmt":"2026-05-21T19:05:11","guid":{"rendered":"https:\/\/www.europesays.com\/ee\/183814\/"},"modified":"2026-05-21T19:05:11","modified_gmt":"2026-05-21T19:05:11","slug":"veeriku-kooli-opetaja-uks-markimisviga-ei-tohiks-maksta-13-protsenti-eksamitulemusest","status":"publish","type":"post","link":"https:\/\/www.europesays.com\/ee\/183814\/","title":{"rendered":"Veeriku kooli \u00f5petaja: \u00fcks m\u00e4rkimisviga ei tohiks maksta 13 protsenti eksamitulemusest!"},"content":{"rendered":"<p><img decoding=\"async\" src=\"https:\/\/www.europesays.com\/ee\/wp-content\/uploads\/2026\/05\/b28cf90c-8389-45fb-8b7e-27a84a1a66ee.jpg\" loading=\"lazy\" alt=\"Mille alusel saab \u00fcldse v\u00e4ita, et eksami\u00fclesande \u00fche detaili mitte m\u00e4rkamine t\u00e4hendab, et \u00f5pilane ei m\u00f5ista t\u00f6\u00f6juhiseid?\"\/><\/p>\n<p>Mille alusel saab \u00fcldse v\u00e4ita, et eksami\u00fclesande \u00fche detaili mitte m\u00e4rkamine t\u00e4hendab, et \u00f5pilane ei m\u00f5ista t\u00f6\u00f6juhiseid?<\/p>\n<p>FOTO: Foto: Kiur Kaasik| Delfi Meedia kollaa\u017e<\/p>\n<p>Olen Tartu Veeriku Kooli inglise keele \u00f5petaja ja soovin viimatise inglise keele p\u00f5hikooli l\u00f5pueksami valikvastustega \u00fclesannete kontrollimist kommenteerida, sest olin ka ise selles ettev\u00f5tmises osaline. Ma ei taha, et j\u00e4\u00e4ks k\u00f5lama <a rel=\"noopener nofollow\" target=\"_blank\" href=\"https:\/\/www.delfi.ee\/teema\/96878564\/harno-1\" tag-id=\"96878564\">HARNO<\/a> seisukoht nagu \u00fckski \u00f5petaja poleks sellise hindamise vastu. Mina olen. R\u00f5hutan, et tegu on ainult minu, mitte Tartu Veeriku Kooli inglise keele \u00f5petajate \u00fchise seisukohaga.<\/p>\n","protected":false},"excerpt":{"rendered":"Mille alusel saab \u00fcldse v\u00e4ita, et eksami\u00fclesande \u00fche detaili mitte m\u00e4rkamine t\u00e4hendab, et \u00f5pilane ei m\u00f5ista t\u00f6\u00f6juhiseid? FOTO:&hellip;\n","protected":false},"author":2,"featured_media":183815,"comment_status":"","ping_status":"","sticky":false,"template":"","format":"standard","meta":{"footnotes":"","_share_on_mastodon":"0"},"categories":[12],"tags":[26,27,37,33,35,4434,34,36,31,32,406,6061,21,32785,13547,28,29,19,25,23,24,22,20,30],"class_list":["post-183814","post","type-post","status-publish","format-standard","has-post-thumbnail","category-eesti","tag-breaking-news","tag-breakingnews","tag-ee","tag-eesti","tag-eesti-keel","tag-eksam","tag-estonia","tag-estonian","tag-featured-news","tag-featurednews","tag-haridus","tag-harno","tag-headlines","tag-inglise-keel","tag-keeleope","tag-latest-news","tag-latestnews","tag-news","tag-populaarseimad-lood","tag-top-stories","tag-topstories","tag-uldised-uudised","tag-uudised","tag-viimased-uudised"],"share_on_mastodon":{"url":"https:\/\/pubeurope.com\/@ee\/116614131224604046","error":""},"_links":{"self":[{"href":"https:\/\/www.europesays.com\/ee\/wp-json\/wp\/v2\/posts\/183814","targetHints":{"allow":["GET"]}}],"collection":[{"href":"https:\/\/www.europesays.com\/ee\/wp-json\/wp\/v2\/posts"}],"about":[{"href":"https:\/\/www.europesays.com\/ee\/wp-json\/wp\/v2\/types\/post"}],"author":[{"embeddable":true,"href":"https:\/\/www.europesays.com\/ee\/wp-json\/wp\/v2\/users\/2"}],"replies":[{"embeddable":true,"href":"https:\/\/www.europesays.com\/ee\/wp-json\/wp\/v2\/comments?post=183814"}],"version-history":[{"count":0,"href":"https:\/\/www.europesays.com\/ee\/wp-json\/wp\/v2\/posts\/183814\/revisions"}],"wp:featuredmedia":[{"embeddable":true,"href":"https:\/\/www.europesays.com\/ee\/wp-json\/wp\/v2\/media\/183815"}],"wp:attachment":[{"href":"https:\/\/www.europesays.com\/ee\/wp-json\/wp\/v2\/media?parent=183814"}],"wp:term":[{"taxonomy":"category","embeddable":true,"href":"https:\/\/www.europesays.com\/ee\/wp-json\/wp\/v2\/categories?post=183814"},{"taxonomy":"post_tag","embeddable":true,"href":"https:\/\/www.europesays.com\/ee\/wp-json\/wp\/v2\/tags?post=183814"}],"curies":[{"name":"wp","href":"https:\/\/api.w.org\/{rel}","templated":true}]}}