{"id":183830,"date":"2026-05-21T19:23:09","date_gmt":"2026-05-21T19:23:09","guid":{"rendered":"https:\/\/www.europesays.com\/ee\/183830\/"},"modified":"2026-05-21T19:23:09","modified_gmt":"2026-05-21T19:23:09","slug":"kuninglik-kirjanik-sarah-ferguson-voib-suu-kinni-hoidmise-eest-nouda-siniverelistelt-valja-kopsaka-pensioni","status":"publish","type":"post","link":"https:\/\/www.europesays.com\/ee\/183830\/","title":{"rendered":"Kuninglik kirjanik: Sarah Ferguson v\u00f5ib suu kinni hoidmise eest n\u00f5uda siniverelistelt v\u00e4lja kopsaka pensioni"},"content":{"rendered":"<p>Andrew Lownie kirjutas 2025. aastal ilmunud raamatu \u201eEntitled: The Rise and Fall of the House of York\u201c, kus on juttu h\u00e4bistatud Andrew Mountbatten-Windsorit ning tema partnerist Sarah Fergusonist. Raamat sai hiljuti v\u00e4rskenduse ja seet\u00f5ttu kommenteeris kirjanik Lownie \u00dchendkuningriigi meediale Andrew\u2019 ja Sarah\u2019 viimaseid tegemisi.<\/p>\n<p>Andrew ja Sarah sattusid suuremasse skandaali siis, kui tulid v\u00e4lja uued v\u00e4ited ja paari seosed seksuaalkurjategija <a rel=\"noopener nofollow\" target=\"_blank\" href=\"https:\/\/www.delfi.ee\/teema\/87104845\/jeffrey-epstein\" tag-id=\"87104845\">Jeffrey Epsteiniga<\/a>. Nende \u00fcmber puhkenud tormist ei j\u00e4\u00e4nud puutumata Yorgi hertsogi ja hertsoginna t\u00fctred Beatrice ja Eugenie. <\/p>\n<p>Alates sellest ajast, kui Andrew ja Sarah nende kuninglikest tiitlitest ilma j\u00e4eti, on t\u00f5statatud k\u00fcsimusi kahe \u00f5e rahaasjade kohta. N\u00fc\u00fcd v\u00e4idab Andrew Lownie, et <a rel=\"noopener nofollow\" target=\"_blank\" href=\"https:\/\/www.delfi.ee\/teema\/96845172\/kuningas-charles-iii\" tag-id=\"96845172\">kuningas Charles III<\/a> ja prints William olid palunud <a rel=\"noopener nofollow\" target=\"_blank\" href=\"https:\/\/www.delfi.ee\/teema\/46447607\/printsess-beatrice\" tag-id=\"46447607\">printsess Beatrice<\/a>\u2019il ja <a rel=\"noopener nofollow\" target=\"_blank\" href=\"https:\/\/www.delfi.ee\/teema\/93056335\/printsess-eugenie\" tag-id=\"93056335\">printsess Eugenie<\/a>\u2019l esitada finantsaudit. Kaks printsessi olid sellest aga keeldunud, \u00fctleb kirjanik Mirrorile antud intervjuus. <\/p>\n<p>Veel v\u00e4idab kuninglik kirjanik, et Sarah v\u00f5ib oma tulevikku silmas pidades astuda l\u00e4bir\u00e4\u00e4kimistesse selle osas, kas tal on kuninglikus perekonnas j\u00e4tkuvalt koht v\u00f5i on ta k\u00f5rvale j\u00e4etud. \u201eSee v\u00f5ib olla see, mida Ferguson praegu l\u00e4bi r\u00e4\u00e4gib. Kas ta saab neilt hea pensioni ega pea andma Oprah\u2019le avameelset intervjuud,\u201c \u00fctleb Lownie. <\/p>\n<p>Kuna Andrew ja Sarahi sidemed Epsteiniga on viimastel kuudel eriti suurelt luubi all olnud, siis v\u00e4idab kuninglik autor, et kunagi l\u00e4hedaseks perekonnaks olnud neliku suhted on purunenud. \u201eKuuldused sellest, et Eugenie ei r\u00e4\u00e4kinud oma isale ise enda rasedusest, n\u00e4itab \u00e4ra, kui katkised nende suhted on,\u201c leiab ta. <\/p>\n<p>Kuidas see lugu Sind end tundma pani? Saada <a href=\"https:\/\/kroonika.delfi.ee\/artikkel\/120585509\/kuninglik-kirjanik-sarah-ferguson-voib-suu-kinni-hoidmise-eest-nouda-siniverelistelt-valja-kopsaka-pensioni\/kommentaarid\" class=\"article-body-bottom__comment article-body-bottom__comment--write button button--primary button--size-auto\" rel=\"nofollow noopener\" target=\"_blank\"> Kommenteeri <\/a><a href=\"https:\/\/kroonika.delfi.ee\/artikkel\/120585509\/kuninglik-kirjanik-sarah-ferguson-voib-suu-kinni-hoidmise-eest-nouda-siniverelistelt-valja-kopsaka-pensioni\/kommentaarid\" class=\"article-body-bottom__comment article-body-bottom__comment--read button button--size-auto\" rel=\"nofollow noopener\" target=\"_blank\"> Loe kommentaare <\/a><\/p>\n","protected":false},"excerpt":{"rendered":"Andrew Lownie kirjutas 2025. aastal ilmunud raamatu \u201eEntitled: The Rise and Fall of the House of York\u201c, kus&hellip;\n","protected":false},"author":2,"featured_media":183831,"comment_status":"","ping_status":"","sticky":false,"template":"","format":"standard","meta":{"footnotes":"","_share_on_mastodon":"0"},"categories":[16],"tags":[37,33,35,173,34,36,8614,2676,140,2356,33226,21732,2355],"class_list":["post-183830","post","type-post","status-publish","format-standard","has-post-thumbnail","category-meelelahutus","tag-ee","tag-eesti","tag-eesti-keel","tag-entertainment","tag-estonia","tag-estonian","tag-jeffrey-epstein","tag-kuningas-charles-iii","tag-meelelahutus","tag-prints-andrew","tag-printsess-beatrice","tag-printsess-eugenie","tag-sarah-ferguson"],"share_on_mastodon":{"url":"https:\/\/pubeurope.com\/@ee\/116614201769259231","error":""},"_links":{"self":[{"href":"https:\/\/www.europesays.com\/ee\/wp-json\/wp\/v2\/posts\/183830","targetHints":{"allow":["GET"]}}],"collection":[{"href":"https:\/\/www.europesays.com\/ee\/wp-json\/wp\/v2\/posts"}],"about":[{"href":"https:\/\/www.europesays.com\/ee\/wp-json\/wp\/v2\/types\/post"}],"author":[{"embeddable":true,"href":"https:\/\/www.europesays.com\/ee\/wp-json\/wp\/v2\/users\/2"}],"replies":[{"embeddable":true,"href":"https:\/\/www.europesays.com\/ee\/wp-json\/wp\/v2\/comments?post=183830"}],"version-history":[{"count":0,"href":"https:\/\/www.europesays.com\/ee\/wp-json\/wp\/v2\/posts\/183830\/revisions"}],"wp:featuredmedia":[{"embeddable":true,"href":"https:\/\/www.europesays.com\/ee\/wp-json\/wp\/v2\/media\/183831"}],"wp:attachment":[{"href":"https:\/\/www.europesays.com\/ee\/wp-json\/wp\/v2\/media?parent=183830"}],"wp:term":[{"taxonomy":"category","embeddable":true,"href":"https:\/\/www.europesays.com\/ee\/wp-json\/wp\/v2\/categories?post=183830"},{"taxonomy":"post_tag","embeddable":true,"href":"https:\/\/www.europesays.com\/ee\/wp-json\/wp\/v2\/tags?post=183830"}],"curies":[{"name":"wp","href":"https:\/\/api.w.org\/{rel}","templated":true}]}}