{"id":183854,"date":"2026-05-21T19:57:11","date_gmt":"2026-05-21T19:57:11","guid":{"rendered":"https:\/\/www.europesays.com\/ee\/183854\/"},"modified":"2026-05-21T19:57:11","modified_gmt":"2026-05-21T19:57:11","slug":"itaalia-meedia-hiljuti-uue-lepingu-solminud-spalletti-on-valmis-tagasi-astuma-soccernet-ee","status":"publish","type":"post","link":"https:\/\/www.europesays.com\/ee\/183854\/","title":{"rendered":"Itaalia meedia: hiljuti uue lepingu s\u00f5lminud Spalletti on valmis tagasi astuma &#8211; Soccernet.ee"},"content":{"rendered":"<p><img decoding=\"async\" src=\"https:\/\/www.europesays.com\/ee\/wp-content\/uploads\/2026\/05\/1779392128.jpg\" alt=\"Luciano Spalletti. Foto: Scanpix \/ Alessandro Di Marco \/ EPA\"\/>&#13;\n<\/p>\n<p>Itaalia meedia kirjutab, et Juventuse peatreener Luciano Spalletti paneb ameti maha, kui meeskond ei p\u00e4\u00e4se j\u00e4rgmiseks hooajaks Meistrite liigasse.<\/p>\n<p>Itaalia Serie A-st saavad Meistrite liigasse neli paremat. Kui Milano Inter ja Napoli on koha esinelikus kindlustanud, siis kolmandale ja neljandale kohale k\u00e4ib AC Milani, AS Roma, Como ja Juventuse vahel pingeline heitlus. Juventuse olukord on keeruline, sest eelmises voorus kaotati kodus Fiorentinale ja langeti neljandalt kohalt kuuendaks.&#13;\n<\/p>\n<p>Milanil ja Romal on 70, Comol ja Juventusel 68 punkti. Milan kohtub viimases voorus kodus Cagliariga, Roma v\u00f5\u00f5rsil Hellas Veronaga, Como v\u00f5\u00f5rsil Cremonesega ja Juventus v\u00f5\u00f5rsil Torinoga. Seega vajab Juventus igal juhul v\u00f5itu ja peab lootma konkurentide eba\u00f5nnestumisele.&#13;\n<\/p>\n<p>Spalletti sai Juventuse peatreeneriks mullu oktoobris, kui meeskond asus Serie A-s seitsmendal kohal. Eelmine peatreener Igor Tudor vallandati p\u00e4rast seda, kui koduliigas oldi viis ja k\u00f5ikide sarjade peale kokku kaheksa m\u00e4ngu j\u00e4rjest v\u00f5iduta.<\/p>\n<p>Spalletti s\u00f5lmis aprillis Juventusega uue lepingu, mis kehtib 2028. aasta suveni, aga Itaalia meedia andmetel on peatreeneri ja klubi tegevjuhi Damien Comolli vahel pinged. Kui Juventus j\u00e4\u00e4b Serie A-s esinelikust v\u00e4lja, siis Spalletti on valmis tagasi astuma.                         <\/p>\n","protected":false},"excerpt":{"rendered":"&#13; Itaalia meedia kirjutab, et Juventuse peatreener Luciano Spalletti paneb ameti maha, kui meeskond ei p\u00e4\u00e4se j\u00e4rgmiseks hooajaks&hellip;\n","protected":false},"author":2,"featured_media":183855,"comment_status":"","ping_status":"","sticky":false,"template":"","format":"standard","meta":{"footnotes":"","_share_on_mastodon":"0"},"categories":[18],"tags":[37,33,35,34,36,109,1541,1149,16560,1082,41662,159,158],"class_list":["post-183854","post","type-post","status-publish","format-standard","has-post-thumbnail","category-sport","tag-ee","tag-eesti","tag-eesti-keel","tag-estonia","tag-estonian","tag-itaalia","tag-itaalia-korgliiga","tag-juventus","tag-luciano-spalletti","tag-serie-a","tag-spalletti","tag-sport","tag-sports"],"share_on_mastodon":{"url":"https:\/\/pubeurope.com\/@ee\/116614335359596988","error":""},"_links":{"self":[{"href":"https:\/\/www.europesays.com\/ee\/wp-json\/wp\/v2\/posts\/183854","targetHints":{"allow":["GET"]}}],"collection":[{"href":"https:\/\/www.europesays.com\/ee\/wp-json\/wp\/v2\/posts"}],"about":[{"href":"https:\/\/www.europesays.com\/ee\/wp-json\/wp\/v2\/types\/post"}],"author":[{"embeddable":true,"href":"https:\/\/www.europesays.com\/ee\/wp-json\/wp\/v2\/users\/2"}],"replies":[{"embeddable":true,"href":"https:\/\/www.europesays.com\/ee\/wp-json\/wp\/v2\/comments?post=183854"}],"version-history":[{"count":0,"href":"https:\/\/www.europesays.com\/ee\/wp-json\/wp\/v2\/posts\/183854\/revisions"}],"wp:featuredmedia":[{"embeddable":true,"href":"https:\/\/www.europesays.com\/ee\/wp-json\/wp\/v2\/media\/183855"}],"wp:attachment":[{"href":"https:\/\/www.europesays.com\/ee\/wp-json\/wp\/v2\/media?parent=183854"}],"wp:term":[{"taxonomy":"category","embeddable":true,"href":"https:\/\/www.europesays.com\/ee\/wp-json\/wp\/v2\/categories?post=183854"},{"taxonomy":"post_tag","embeddable":true,"href":"https:\/\/www.europesays.com\/ee\/wp-json\/wp\/v2\/tags?post=183854"}],"curies":[{"name":"wp","href":"https:\/\/api.w.org\/{rel}","templated":true}]}}