{"id":183886,"date":"2026-05-21T20:44:10","date_gmt":"2026-05-21T20:44:10","guid":{"rendered":"https:\/\/www.europesays.com\/ee\/183886\/"},"modified":"2026-05-21T20:44:10","modified_gmt":"2026-05-21T20:44:10","slug":"korruptsioonivaba-eesti-juht-absurdne-otsus-kes-veel-kui-justiitsminister-peaks-teadma-mis-lubatud-ja-keelatud","status":"publish","type":"post","link":"https:\/\/www.europesays.com\/ee\/183886\/","title":{"rendered":"Korruptsioonivaba Eesti juht: absurdne otsus! Kes veel kui justiitsminister peaks teadma, mis lubatud ja keelatud"},"content":{"rendered":"<p><a rel=\"noopener nofollow\" target=\"_blank\" href=\"https:\/\/www.delfi.ee\/teema\/25810897\/korruptsioon\" tag-id=\"25810897\">Korruptsioonivaba<\/a> Eesti ei soovi k\u00fcll kahelda kohtute p\u00e4devuses, kuid tuletame meelde, et Eesti on korruptsioonitaju indeksi edetabelis \u00fcsna k\u00f5rgel kohal. See n\u00e4itab, et meie \u00fchiskond tunnetab v\u00f5rdlemisi h\u00e4sti, milline tegu (v\u00f5i ka tegemata j\u00e4tmine) v\u00f5iks minna vastuollu \u00fcldise \u00f5iglustundega. Nii tekibki meie hinnangul igati \u00f5igustatud k\u00fcsimus: kas k\u00f5rgema v\u00f5imu esindajad peaksid siiski olema l\u00e4bi ja l\u00f5hki teadlikud neile kohalduvatest \u00f5iguslikest n\u00f5uetest?<\/p>\n","protected":false},"excerpt":{"rendered":"Korruptsioonivaba Eesti ei soovi k\u00fcll kahelda kohtute p\u00e4devuses, kuid tuletame meelde, et Eesti on korruptsioonitaju indeksi edetabelis \u00fcsna&hellip;\n","protected":false},"author":2,"featured_media":183887,"comment_status":"","ping_status":"","sticky":false,"template":"","format":"standard","meta":{"footnotes":"","_share_on_mastodon":"0"},"categories":[12],"tags":[26,27,37,33,35,34,36,31,32,21,25015,13758,5774,4097,28,29,19,25,23,24,22,20,30],"class_list":["post-183886","post","type-post","status-publish","format-standard","has-post-thumbnail","category-eesti","tag-breaking-news","tag-breakingnews","tag-ee","tag-eesti","tag-eesti-keel","tag-estonia","tag-estonian","tag-featured-news","tag-featurednews","tag-headlines","tag-justiitsminister","tag-kalle-laanet","tag-kohtuotsus","tag-korruptsioon","tag-latest-news","tag-latestnews","tag-news","tag-populaarseimad-lood","tag-top-stories","tag-topstories","tag-uldised-uudised","tag-uudised","tag-viimased-uudised"],"share_on_mastodon":{"url":"https:\/\/pubeurope.com\/@ee\/116614520226414288","error":""},"_links":{"self":[{"href":"https:\/\/www.europesays.com\/ee\/wp-json\/wp\/v2\/posts\/183886","targetHints":{"allow":["GET"]}}],"collection":[{"href":"https:\/\/www.europesays.com\/ee\/wp-json\/wp\/v2\/posts"}],"about":[{"href":"https:\/\/www.europesays.com\/ee\/wp-json\/wp\/v2\/types\/post"}],"author":[{"embeddable":true,"href":"https:\/\/www.europesays.com\/ee\/wp-json\/wp\/v2\/users\/2"}],"replies":[{"embeddable":true,"href":"https:\/\/www.europesays.com\/ee\/wp-json\/wp\/v2\/comments?post=183886"}],"version-history":[{"count":0,"href":"https:\/\/www.europesays.com\/ee\/wp-json\/wp\/v2\/posts\/183886\/revisions"}],"wp:featuredmedia":[{"embeddable":true,"href":"https:\/\/www.europesays.com\/ee\/wp-json\/wp\/v2\/media\/183887"}],"wp:attachment":[{"href":"https:\/\/www.europesays.com\/ee\/wp-json\/wp\/v2\/media?parent=183886"}],"wp:term":[{"taxonomy":"category","embeddable":true,"href":"https:\/\/www.europesays.com\/ee\/wp-json\/wp\/v2\/categories?post=183886"},{"taxonomy":"post_tag","embeddable":true,"href":"https:\/\/www.europesays.com\/ee\/wp-json\/wp\/v2\/tags?post=183886"}],"curies":[{"name":"wp","href":"https:\/\/api.w.org\/{rel}","templated":true}]}}