{"id":183904,"date":"2026-05-21T21:17:35","date_gmt":"2026-05-21T21:17:35","guid":{"rendered":"https:\/\/www.europesays.com\/ee\/183904\/"},"modified":"2026-05-21T21:17:35","modified_gmt":"2026-05-21T21:17:35","slug":"nato-lennuk-tulistas-eesti-kohal-alla-ukraina-drooni","status":"publish","type":"post","link":"https:\/\/www.europesays.com\/ee\/183904\/","title":{"rendered":"NATO lennuk tulistas Eesti kohal alla Ukraina drooni"},"content":{"rendered":"<p>NATO h\u00e4vitaja tulistas teisip\u00e4eval L\u00f5una-Eesti kohal alla Ukraina drooni, teatas Eesti kaitseminister  Hanno Pevkur pressikonverentsil.<\/p>\n<p>Eesti kohal on ennegi lennanud ja allakukkunud Venemaale suunatud Ukraina droone, aga kineetiliselt ei ole neid varem alla tulistatud. Kaitsev\u00e4e s\u00f5nul oli drooni juhtimiss\u00fcsteem t\u00f5en\u00e4oliselt segatud Venemaa poolt.<\/p>\n<p>Ukraina vabandas &#8220;tahtmatu intsidendi&#8221; p\u00e4rast, t\u00e4psustamata, mis juhtus.<\/p>\n<p>Arvestades drooni trajektoori, &#8220;otsustasime, et peame selle alla tulistama,&#8221; \u00fctles Eesti kaitseminister Hanno Pevkur, lisades, et see oli &#8220;t\u00f5en\u00e4oliselt &#8230; m\u00f5eldud Venemaa sihtm\u00e4rkide tabamiseks&#8221;. <\/p>\n<p>Rumeenia kaitsevaldkonna portaali DefenseRomania andmetel tulistas drooni alla Leedus \u0160iauliai baasis paiknev Rumeenia F-16 \u00f5hk-\u00f5hk t\u00fc\u00fcpi raketiga. Lennuki piloodiks oli kolonelleitnant Pavelescu Costel-Alexandru, kes kuulub Rumeenia \u00f5huv\u00e4e eliit\u00fcksusesse \u00abKarpaatide R\u00e4stikud\u00bb (Carpathian Vipers).<\/p>\n<p>Eesti v\u00e4lisminister Margus Tsahkna \u00fctles avalduses, et tema riik ei ole andnud Ukrainale luba kasutada oma \u00f5huruumi Venemaa-vastasteks r\u00fcnnakuteks.<\/p>\n<p>Venemaa kordas samal ajal varem tehtud \u00e4hvardust, et ta v\u00f5tab kasutusel vastumeetmed, kui Ukraina droone lastakse v\u00e4lja Balti riikidest v\u00f5i kui need riigid on nende kasutamises Venemaa vastu kaasosalised.<\/p>\n<p>Ukraina suurendab droonir\u00fcnnakuid<\/p>\n<p>Ukraina on j\u00e4rjekindlalt suurendanud oma droonir\u00fcnnakuid Venemaa vastu, keskendudes energiarajatistele ja relvatehastele s\u00fcgaval vaenlase territooriumil. Ka Ukrainale suunatud Venemaa droonid on sattunud naaberriikidesse, nagu Poola ja Rumeenia.<\/p>\n<p>Eesti soovitab Ukrainal olla ettevaatlik<\/p>\n<p>Ukraina ja Eesti eksperdid t\u00f6\u00f6tasid v\u00e4lja meetmeid selliste juhtumite v\u00e4ltimiseks tulevikus, \u00fctles Ukraina v\u00e4lisministeeriumi pressiesindaja Heorhii Tykhyi.<\/p>\n<p>Ukraina vabandab \u201eEesti ja k\u00f5igi meie Balti s\u00f5prade ees selliste etten\u00e4gematute intsidentide p\u00e4rast,\u201c \u00fctles Tykhyi X-postituses.<\/p>\n<p>Eesti kaitseminister \u00fctles, et Ukrainale on soovitatud olla ettevaatlik.<\/p>\n<p>\u201eMeie s\u00f5numid pole muutunud,\u201c \u00fctles Pevkur. \u201eOleme ukrainlastele kogu aeg \u00f6elnud, et kui te r\u00fcndate Venemaa positsioone v\u00f5i Venemaa sihtm\u00e4rke, peavad need trajektoorid olema NATO territooriumist v\u00f5imalikult kaugel.\u201c<\/p>\n<p>Venemaa hoiatab \u201e\u00f5iglase k\u00e4ttemaksu\u201c eest<\/p>\n<p>Venemaa v\u00e4lisluureteenistus (SVR), v\u00e4itis teisip\u00e4eval t\u00f5endeid esitamata, et Ukraina valmistub alustama droonir\u00fcnnakuid Venemaa vastu Balti riikide territooriumilt ja hoiatas k\u00e4ttemaksu eest.<\/p>\n<p>Selles v\u00e4ideti, et Ukraina s\u00f5jav\u00e4elased on juba L\u00e4tis ja hoiatati, et riigi NATO liikmelisus ei kaitse \u201e\u00f5iglase k\u00e4ttemaksu\u201d eest.<\/p>\n<p>\u201eKaasaegsed valves\u00fcsteemid v\u00f5imaldavad droonide stardikoha koordinaate t\u00e4pselt kindlaks m\u00e4\u00e4rata,\u201d teatas SVR.<\/p>\n<p>L\u00e4ti president Edgars Rink\u0113vi\u010ds postitas X-ile, et \u201eVenemaa valetab L\u00e4ti kohta, et see lubab mis tahes riigil kasutada L\u00e4ti \u00f5huruumi ja territooriumi r\u00fcnnakute korraldamiseks Venemaa v\u00f5i mis tahes muu riigi vastu\u201d.<\/p>\n<p>Eelmisel n\u00e4dalal astus L\u00e4ti peaminister tagasi p\u00e4rast seda, kui kaitseminister oli sunnitud valitsusest lahkuma oletatavasti Ukrainast p\u00e4rit droonidega seotud intsidentide k\u00e4sitlemise t\u00f5ttu.<\/p>\n","protected":false},"excerpt":{"rendered":"NATO h\u00e4vitaja tulistas teisip\u00e4eval L\u00f5una-Eesti kohal alla Ukraina drooni, teatas Eesti kaitseminister Hanno Pevkur pressikonverentsil. Eesti kohal on&hellip;\n","protected":false},"author":2,"featured_media":183905,"comment_status":"","ping_status":"","sticky":false,"template":"","format":"standard","meta":{"footnotes":"","_share_on_mastodon":"0"},"categories":[12],"tags":[4362,26,27,37,33,4358,35,4360,34,36,4359,4364,4357,31,32,21,1554,28,29,19,25,23,24,22,20,80879,80880,30],"class_list":["post-183904","post","type-post","status-publish","format-standard","has-post-thumbnail","category-eesti","tag-ajaleht","tag-breaking-news","tag-breakingnews","tag-ee","tag-eesti","tag-eesti-elu","tag-eesti-keel","tag-eestielu","tag-estonia","tag-estonian","tag-estonian-life","tag-estonian-media","tag-estonian-world-review","tag-featured-news","tag-featurednews","tag-headlines","tag-kanada","tag-latest-news","tag-latestnews","tag-news","tag-populaarseimad-lood","tag-top-stories","tag-topstories","tag-uldised-uudised","tag-uudised","tag-vliseesti","tag-vliseestlased","tag-viimased-uudised"],"share_on_mastodon":{"url":"https:\/\/pubeurope.com\/@ee\/116614649853015383","error":""},"_links":{"self":[{"href":"https:\/\/www.europesays.com\/ee\/wp-json\/wp\/v2\/posts\/183904","targetHints":{"allow":["GET"]}}],"collection":[{"href":"https:\/\/www.europesays.com\/ee\/wp-json\/wp\/v2\/posts"}],"about":[{"href":"https:\/\/www.europesays.com\/ee\/wp-json\/wp\/v2\/types\/post"}],"author":[{"embeddable":true,"href":"https:\/\/www.europesays.com\/ee\/wp-json\/wp\/v2\/users\/2"}],"replies":[{"embeddable":true,"href":"https:\/\/www.europesays.com\/ee\/wp-json\/wp\/v2\/comments?post=183904"}],"version-history":[{"count":0,"href":"https:\/\/www.europesays.com\/ee\/wp-json\/wp\/v2\/posts\/183904\/revisions"}],"wp:featuredmedia":[{"embeddable":true,"href":"https:\/\/www.europesays.com\/ee\/wp-json\/wp\/v2\/media\/183905"}],"wp:attachment":[{"href":"https:\/\/www.europesays.com\/ee\/wp-json\/wp\/v2\/media?parent=183904"}],"wp:term":[{"taxonomy":"category","embeddable":true,"href":"https:\/\/www.europesays.com\/ee\/wp-json\/wp\/v2\/categories?post=183904"},{"taxonomy":"post_tag","embeddable":true,"href":"https:\/\/www.europesays.com\/ee\/wp-json\/wp\/v2\/tags?post=183904"}],"curies":[{"name":"wp","href":"https:\/\/api.w.org\/{rel}","templated":true}]}}