{"id":183945,"date":"2026-05-22T00:05:29","date_gmt":"2026-05-22T00:05:29","guid":{"rendered":"https:\/\/www.europesays.com\/ee\/183945\/"},"modified":"2026-05-22T00:05:29","modified_gmt":"2026-05-22T00:05:29","slug":"ilmaprognoos-kallab-nagu-oavarrest-eestit-tabavad-tugevad-vihmahood-maaleht","status":"publish","type":"post","link":"https:\/\/www.europesays.com\/ee\/183945\/","title":{"rendered":"ILMAPROGNOOS | Kallab nagu oavarrest! Eestit tabavad tugevad vihmahood &#8211; Maaleht"},"content":{"rendered":"<ol>\n<li><a href=\"https:\/\/news.google.com\/rss\/articles\/CBMisAFBVV95cUxOS2d5ZGxfbFgtZ0RzMU9yUmE3UE1veFZnaXNFYktoclJLeWNBSE9XdU4yN2RVRWVTR3B5UGg3ZGZnVTdvYXBHcnBvNWp0eWpRS3pPNG0wdFpndy1TdlVMRWtsVzMwYmgydDQ1VE1OVVdveHZRdExtWnB3Tk5SWDRVbFhtbE1EU0xJWWRrVXBodnhNeU05SUJ1NEo4eWxZT1FLdjcxY045TUtRV3FFY0tBdg?oc=5\" target=\"_blank\" rel=\"nofollow noopener\">ILMAPROGNOOS | Kallab nagu oavarrest! Eestit tabavad tugevad vihmahood<\/a>&nbsp;&nbsp;Maaleht<\/li>\n<li><a href=\"https:\/\/news.google.com\/rss\/articles\/CBMiowFBVV95cUxONkRfNnJ2WVF6NWx4aXdHNmhhdmcxb01iNXlfbjhjX3NacFZqeTByZkdNd0RyaUlfU1JmazV3SHptOXlBQ2tnaFBST3N0dmcxTWdBY282Sk1uMGx2TkhsVHhWSTVUeVh5a1BabFZmTGVpcGR0a3otX0o2ekREYkh5M0VWOGFKWkM5LVREQlB6T01UeWFyWWRnN3gyVUFELWY4TDlZ?oc=5\" target=\"_blank\" rel=\"nofollow noopener\">Ilmateenistus hoiatab \u00e4ikese ja tugevate sajuhoogude eest<\/a>&nbsp;&nbsp;L\u00f5una-Eesti Postimees<\/li>\n<li><a href=\"https:\/\/news.google.com\/rss\/articles\/CBMirwFBVV95cUxPLVB3VWY1N2pYUFpKcXBBWm9oUXJqSEk2TlJKcTBWaHhUX0lPeGF6aW5pNlJwdlh5NER1SjRHbnJFeHVyQTFFem5xVk4wbzBOUHBmRUxnaThFNDY4N0xBT25qeTJkdEJLQTR1SWY3REl2MTZwQVM0dHVxQXB6aXY2T2RFWG5MbE1BdXRnVUJCWHhmWnM3Vk5ma0hJa3hjRmtveXVuNlEzbk54U2xLd3FB?oc=5\" target=\"_blank\" rel=\"nofollow noopener\">INTERAKTVIINE \u00c4IKESEKAART \u27e9 Vaata reaalajas, kuidas \u00e4ike Eesti kohal liigub<\/a>&nbsp;&nbsp;Ilmajaam<\/li>\n<li><a href=\"https:\/\/news.google.com\/rss\/articles\/CBMiqwFBVV95cUxQYnZiSlRBR014bjkzZHFxMlkyUnF0UUVLRzFvVy1ybTJBT3RBVm1Vbkc1T0d0WC1iY2h3OTEzNDZEbkdIS3kwZFZlbUg2TlF2X3ZoRkNKSE0tcFFHdVJHUTZ4dGlSUzNDVmE4Q0FDcng5NTl5QU1lS2JDNFlpMW5DUGdyY3QwMk02NWlfcjZaRFlQZFRFUzY1V3dPekVfV0RBZk1KZ3pNTzYxVEk?oc=5\" target=\"_blank\" rel=\"nofollow noopener\">ILMAPROGNOOS | N\u00e4dal toob \u00e4ikesetormi, rahet ja s\u00fcdasuvist soojust<\/a>&nbsp;&nbsp;Maaleht<\/li>\n<li><a href=\"https:\/\/news.google.com\/rss\/articles\/CBMiP0FVX3lxTFBiNmNGY1dBYVl0V0pFXzZjU2F5b25Va3EwVXdpV3F6LTZIVU84WklJSnpCUmlfcVpOY1VvSnJWYw?oc=5\" target=\"_blank\" rel=\"nofollow noopener\">T\u00e4na, 20. mail 2026 on Eestis muutliku pilvisusega ilm, kohati v\u00f5ib hoovihma sadada<\/a>&nbsp;&nbsp;Uudis.net<\/li>\n<\/ol>\n","protected":false},"excerpt":{"rendered":"ILMAPROGNOOS | Kallab nagu oavarrest! Eestit tabavad tugevad vihmahood&nbsp;&nbsp;Maaleht Ilmateenistus hoiatab \u00e4ikese ja tugevate sajuhoogude eest&nbsp;&nbsp;L\u00f5una-Eesti Postimees INTERAKTVIINE&hellip;\n","protected":false},"author":2,"featured_media":183946,"comment_status":"","ping_status":"","sticky":false,"template":"","format":"standard","meta":{"footnotes":"","_share_on_mastodon":"0"},"categories":[12],"tags":[28099,26,27,37,33,35,34,36,31,32,21,668,10852,3963,28,29,3965,19,25,23,24,8798,22,20,4324,30],"class_list":["post-183945","post","type-post","status-publish","format-standard","has-post-thumbnail","category-eesti","tag-aike","tag-breaking-news","tag-breakingnews","tag-ee","tag-eesti","tag-eesti-keel","tag-estonia","tag-estonian","tag-featured-news","tag-featurednews","tag-headlines","tag-ilm","tag-ilmaprognoos","tag-ilmateade","tag-latest-news","tag-latestnews","tag-nadala-ilmaprognoos","tag-news","tag-populaarseimad-lood","tag-top-stories","tag-topstories","tag-tuul","tag-uldised-uudised","tag-uudised","tag-vihm","tag-viimased-uudised"],"share_on_mastodon":{"url":"https:\/\/pubeurope.com\/@ee\/116615310616170713","error":""},"_links":{"self":[{"href":"https:\/\/www.europesays.com\/ee\/wp-json\/wp\/v2\/posts\/183945","targetHints":{"allow":["GET"]}}],"collection":[{"href":"https:\/\/www.europesays.com\/ee\/wp-json\/wp\/v2\/posts"}],"about":[{"href":"https:\/\/www.europesays.com\/ee\/wp-json\/wp\/v2\/types\/post"}],"author":[{"embeddable":true,"href":"https:\/\/www.europesays.com\/ee\/wp-json\/wp\/v2\/users\/2"}],"replies":[{"embeddable":true,"href":"https:\/\/www.europesays.com\/ee\/wp-json\/wp\/v2\/comments?post=183945"}],"version-history":[{"count":0,"href":"https:\/\/www.europesays.com\/ee\/wp-json\/wp\/v2\/posts\/183945\/revisions"}],"wp:featuredmedia":[{"embeddable":true,"href":"https:\/\/www.europesays.com\/ee\/wp-json\/wp\/v2\/media\/183946"}],"wp:attachment":[{"href":"https:\/\/www.europesays.com\/ee\/wp-json\/wp\/v2\/media?parent=183945"}],"wp:term":[{"taxonomy":"category","embeddable":true,"href":"https:\/\/www.europesays.com\/ee\/wp-json\/wp\/v2\/categories?post=183945"},{"taxonomy":"post_tag","embeddable":true,"href":"https:\/\/www.europesays.com\/ee\/wp-json\/wp\/v2\/tags?post=183945"}],"curies":[{"name":"wp","href":"https:\/\/api.w.org\/{rel}","templated":true}]}}