{"id":184085,"date":"2026-05-22T06:07:10","date_gmt":"2026-05-22T06:07:10","guid":{"rendered":"https:\/\/www.europesays.com\/ee\/184085\/"},"modified":"2026-05-22T06:07:10","modified_gmt":"2026-05-22T06:07:10","slug":"anna-hints-panin-cannesis-filmiprodutsendid-ujumisega-proovile-ringvaade","status":"publish","type":"post","link":"https:\/\/www.europesays.com\/ee\/184085\/","title":{"rendered":"Anna Hints: panin Cannes&#8217;is filmiprodutsendid ujumisega proovile | Ringvaade"},"content":{"rendered":"<p>Cannes&#8217;i punase vaiba glamuuris\u00fcndmuselt saabunud re\u017eiss\u00f6\u00f6r Anna Hints r\u00e4\u00e4kis &#8220;Ringvaates&#8221;, et t\u00e4nu oma eelmiste filmide edule on tema esimese t\u00e4ispika m\u00e4ngufilmi &#8220;Must karvane elukas&#8221; vastu v\u00e4ga suur huvi. Hintsi s\u00f5nul kutsus ta potentsiaalsed koost\u00f6\u00f6partnerid Cannes&#8217;is ujuma, et leida inimene, kellega koos film luua.<\/p>\n<p>&#8220;Ma sattusin just \u00f5igel hetkel sinna ja n\u00e4gin, kuidas glamuurne Cannes&#8217;i punane vaip oli kokku pandud pr\u00fcgikasti ja sealt jagati t\u00fckikesi. Iga p\u00e4ev v\u00f5etakse see vaip \u00e4ra ja pannakse uus vaip,&#8221; \u00fctles re\u017eiss\u00f6\u00f6r Anna Hints, kes k\u00f5ndis Cannes&#8217;i punasel vaibal koos re\u017eiss\u00f6\u00f6ride Kadri K\u00f5usaare ja Helen Takkisega ning sai selle meenutuseks endale t\u00fckikese punast vaipa.<\/p>\n<p>See, eestlased said glamuursel vaibal k\u00f5ndida, on Hintsi s\u00f5nul t\u00e4nu fotograaf Erlend \u0160taubile. &#8220;Igal maal ei ole oma fotograafi. Kui sul Cannes&#8217;i punasel vaibal oma fotograafi ei ole, aetakse sind kuskilt k\u00f5rvalt k\u00e4igust l\u00e4bi. Meie saame uhkelt \u00f6elda, et meil on oma fotograaf, saame teha pilte ja olla n\u00e4iteks Demi Moore&#8217;i k\u00f5rval.&#8221;<\/p>\n<p>&#8220;Mul on praegu v\u00e4ga priviligeeritud positsioon. Ma olen juba l\u00e4bi murdnud sellest tohutust s\u00f5elast ja mu esimese t\u00e4ispika m\u00e4ngufilmi &#8220;Must karvane elukas&#8221; vastu on v\u00e4ga suur huvi. Selle, et &#8220;Savvusanna s\u00f5sarad&#8221; valiti Sundance&#8217;i filmifestivalile ja sai seal auhinna, t\u00f5en\u00e4osus on alla \u00fche protsendi. Kui sa oled juba silma paistnud, on sul rohkem m\u00f5juv\u00f5imu ja sinu vastu on huvi. Detsembrist saadik on meil olnud v\u00e4ga palju kohtumisi,&#8221; t\u00f5des Hints.<\/p>\n<p>Re\u017eiss\u00f6\u00f6ri s\u00f5nul on m\u00e4ngufilm &#8220;Must karvane elukas&#8221; valitud v\u00e4ga prestii\u017esetesse t\u00f6\u00f6tubadesse. &#8220;Nii et need kosilased on juba meie ukse taha pandud. Me koos produtsent Evelin Penttil\u00e4ga m\u00f5tlesime, et kuidas me tunneme \u00f5ige inimese \u00e4ra. Filmimaailmas on v\u00e4ga oluline komponent \u00f5iged inimesed, kellel on \u00fchine energia ja \u00fchine keemia. M\u00f5tlesime, et kutsume nad ujuma. Ma ei tea \u00fchtegi teist, kes oleks Cannes&#8217;is produtsentidega kohtunud ujudes. M\u00f5ne jaoks oli see v\u00e4ga jahe, aga nad tulid kaasa. See oli testimine, sest filmiloomine on ka nagu h\u00fcppamine tundmatusse vette ja see protsess, kuidas mina tahan filme teha, ei ole \u00fcldse tavap\u00e4rane,&#8221; selgitas Hints. &#8220;See oli v\u00e4ga eksklusiivne kutse, sest v\u00e4ga paljudest me valisime ainult viis, kellele see ujumiskutse tuli ja k\u00f5ik nad olid n\u00f5us.&#8221;<\/p>\n<p>Hints tahtis tekitada olukorda, mis on v\u00e4ljaspool mugavat ja turvalist keskkonda. &#8220;Eestil ei ole piisavalt raha, ja me otsime inimesi, kes usuvad sellesse filmi ja armuvad selle filmi ideesse ja meisse. Et me koos saame luua midagi, mis on filmi ime.&#8221;<\/p>\n<p>Kui k\u00f5ik l\u00e4heb h\u00e4sti, saab 2028. aastal v\u00f5ttesse minna. &#8220;Mina v\u00f5tan selleks aja, l\u00e4hen metsa, Setomaale ja V\u00f5rumaale ja tunnetan, mis on see j\u00e4rgmine film. Mul peab olema nii tugev \u00e4ratundmine, et see on film, millesse ma olen v\u00f5imeline panustama mitu aastat. See peab olema kirg, mis tuleb s\u00fcdamest ja siis on see v\u00e4ga p\u00f5nev protsess, sest on erinevad etapid. Praegu on kirjutamine, siis hakkab arendus, kohtumine erinevate inimestega \u00fcle maailma, loome midagi koos. See protsess on fantastiline,&#8221; t\u00f5i Hints v\u00e4lja.<\/p>\n","protected":false},"excerpt":{"rendered":"Cannes&#8217;i punase vaiba glamuuris\u00fcndmuselt saabunud re\u017eiss\u00f6\u00f6r Anna Hints r\u00e4\u00e4kis &#8220;Ringvaates&#8221;, et t\u00e4nu oma eelmiste filmide edule on tema&hellip;\n","protected":false},"author":2,"featured_media":184086,"comment_status":"","ping_status":"","sticky":false,"template":"","format":"standard","meta":{"footnotes":"","_share_on_mastodon":"0"},"categories":[80],"tags":[20185,26,27,37,33,35,34,36,31,32,21,28,29,95,25506,19,25,23,24,22,20,30,92,93,94],"class_list":["post-184085","post","type-post","status-publish","format-standard","has-post-thumbnail","category-maailm","tag-anna-hints","tag-breaking-news","tag-breakingnews","tag-ee","tag-eesti","tag-eesti-keel","tag-estonia","tag-estonian","tag-featured-news","tag-featurednews","tag-headlines","tag-latest-news","tag-latestnews","tag-maailm","tag-must-karvane-elukas","tag-news","tag-populaarseimad-lood","tag-top-stories","tag-topstories","tag-uldised-uudised","tag-uudised","tag-viimased-uudised","tag-world","tag-world-news","tag-worldnews"],"share_on_mastodon":{"url":"https:\/\/pubeurope.com\/@ee\/116616734129264030","error":""},"_links":{"self":[{"href":"https:\/\/www.europesays.com\/ee\/wp-json\/wp\/v2\/posts\/184085","targetHints":{"allow":["GET"]}}],"collection":[{"href":"https:\/\/www.europesays.com\/ee\/wp-json\/wp\/v2\/posts"}],"about":[{"href":"https:\/\/www.europesays.com\/ee\/wp-json\/wp\/v2\/types\/post"}],"author":[{"embeddable":true,"href":"https:\/\/www.europesays.com\/ee\/wp-json\/wp\/v2\/users\/2"}],"replies":[{"embeddable":true,"href":"https:\/\/www.europesays.com\/ee\/wp-json\/wp\/v2\/comments?post=184085"}],"version-history":[{"count":0,"href":"https:\/\/www.europesays.com\/ee\/wp-json\/wp\/v2\/posts\/184085\/revisions"}],"wp:featuredmedia":[{"embeddable":true,"href":"https:\/\/www.europesays.com\/ee\/wp-json\/wp\/v2\/media\/184086"}],"wp:attachment":[{"href":"https:\/\/www.europesays.com\/ee\/wp-json\/wp\/v2\/media?parent=184085"}],"wp:term":[{"taxonomy":"category","embeddable":true,"href":"https:\/\/www.europesays.com\/ee\/wp-json\/wp\/v2\/categories?post=184085"},{"taxonomy":"post_tag","embeddable":true,"href":"https:\/\/www.europesays.com\/ee\/wp-json\/wp\/v2\/tags?post=184085"}],"curies":[{"name":"wp","href":"https:\/\/api.w.org\/{rel}","templated":true}]}}