{"id":184156,"date":"2026-05-22T07:33:10","date_gmt":"2026-05-22T07:33:10","guid":{"rendered":"https:\/\/www.europesays.com\/ee\/184156\/"},"modified":"2026-05-22T07:33:10","modified_gmt":"2026-05-22T07:33:10","slug":"kaidi-sveitsi-meistriks-juhendanud-peatreener-siirdus-bundesligasse-jalgpall","status":"publish","type":"post","link":"https:\/\/www.europesays.com\/ee\/184156\/","title":{"rendered":"K\u00e4idi \u0160veitsi meistriks juhendanud peatreener siirdus Bundesligasse | Jalgpall"},"content":{"rendered":"<p>Eesti jalgpallikoondise poolkaitsja Mattias K\u00e4idi koduklubi Thun andis teada, et peatreener Mauro Lustrinelli lahkus omal soovil klubist ja siirdus Saksamaa Bundesligasse Berliini Unioni juhendajaks.<\/p>\n<p>Lustrinelli leping Thuniga kehtis 2028. aasta suveni, aga 50-aastane treener soovis p\u00e4rast meistritiitli v\u00f5itmist karj\u00e4\u00e4ris sammu edasi astuda. Klubi rahuldas soovi ja lubas Lustrinellil lahkuda Saksamaale, kirjutab <a href=\"https:\/\/soccernet.ee\/artikkel\/thuni-ajaloolise-meistritiitlini-viinud-peatreener-siirdus-bundesligasse\" target=\"_blank\" rel=\"noopener nofollow\">Soccernet.ee<\/a>.<\/p>\n<p>&#8220;Kui Mauro neli aastat tagasi meiega liitus, siis ehitasime koos uue projekti, mis on aastatega arenenud ja n\u00fc\u00fcdseks kulmineerunud \u0160veitsi meistritiitliga. Oleme v\u00e4ga uhked, mida Mauro ja tema meeskond on selle aja jooksul ehitanud ja saavutanud. Olen v\u00e4ga \u00f5nnelik, et Mauro saab n\u00fc\u00fcd astuda Bundesligasse,&#8221; lausus Thuni spordidirektor Dominik Albrecht.<\/p>\n<p>Lustrinelli oli Thuni peatreener alates 2022. aastast. Kui mullu v\u00f5ideti \u0160veitsi esiliiga ja t\u00f5usti \u0160veitsi k\u00f5rgliigasse, siis t\u00e4navu v\u00f5ideti \u00fcllatuslikult meistritiitel.\u00a0<\/p>\n","protected":false},"excerpt":{"rendered":"Eesti jalgpallikoondise poolkaitsja Mattias K\u00e4idi koduklubi Thun andis teada, et peatreener Mauro Lustrinelli lahkus omal soovil klubist ja&hellip;\n","protected":false},"author":2,"featured_media":184157,"comment_status":"","ping_status":"","sticky":false,"template":"","format":"standard","meta":{"footnotes":"","_share_on_mastodon":"0"},"categories":[18],"tags":[37,33,35,34,36,80871,159,158,8582],"class_list":["post-184156","post","type-post","status-publish","format-standard","has-post-thumbnail","category-sport","tag-ee","tag-eesti","tag-eesti-keel","tag-estonia","tag-estonian","tag-mauro-lustrinelli","tag-sport","tag-sports","tag-thun"],"share_on_mastodon":{"url":"https:\/\/pubeurope.com\/@ee\/116617071943018136","error":""},"_links":{"self":[{"href":"https:\/\/www.europesays.com\/ee\/wp-json\/wp\/v2\/posts\/184156","targetHints":{"allow":["GET"]}}],"collection":[{"href":"https:\/\/www.europesays.com\/ee\/wp-json\/wp\/v2\/posts"}],"about":[{"href":"https:\/\/www.europesays.com\/ee\/wp-json\/wp\/v2\/types\/post"}],"author":[{"embeddable":true,"href":"https:\/\/www.europesays.com\/ee\/wp-json\/wp\/v2\/users\/2"}],"replies":[{"embeddable":true,"href":"https:\/\/www.europesays.com\/ee\/wp-json\/wp\/v2\/comments?post=184156"}],"version-history":[{"count":0,"href":"https:\/\/www.europesays.com\/ee\/wp-json\/wp\/v2\/posts\/184156\/revisions"}],"wp:featuredmedia":[{"embeddable":true,"href":"https:\/\/www.europesays.com\/ee\/wp-json\/wp\/v2\/media\/184157"}],"wp:attachment":[{"href":"https:\/\/www.europesays.com\/ee\/wp-json\/wp\/v2\/media?parent=184156"}],"wp:term":[{"taxonomy":"category","embeddable":true,"href":"https:\/\/www.europesays.com\/ee\/wp-json\/wp\/v2\/categories?post=184156"},{"taxonomy":"post_tag","embeddable":true,"href":"https:\/\/www.europesays.com\/ee\/wp-json\/wp\/v2\/tags?post=184156"}],"curies":[{"name":"wp","href":"https:\/\/api.w.org\/{rel}","templated":true}]}}