{"id":184231,"date":"2026-05-22T09:04:12","date_gmt":"2026-05-22T09:04:12","guid":{"rendered":"https:\/\/www.europesays.com\/ee\/184231\/"},"modified":"2026-05-22T09:04:12","modified_gmt":"2026-05-22T09:04:12","slug":"bfm-i-direktoriks-valiti-ivo-lille-film","status":"publish","type":"post","link":"https:\/\/www.europesays.com\/ee\/184231\/","title":{"rendered":"BFM-i direktoriks valiti Ivo Lille | Film"},"content":{"rendered":"<p>Tallinna \u00dclikooli Balti filmi, meedia ja kunstide instituudi (BFM) j\u00e4rgmiseks direktoriks Ivo Lille. Direktori viieaastane ametiaeg algab 1. septembrist.<\/p>\n<p>&#8220;Minu n\u00e4gemuses peab BFM olema koht, kus loovus, praktilised oskused, teadus ja didaktika ei tegutse paralleelselt, vaid \u00fchtse tervikuna. Soovin juhtida BFM-i nii, et inimesed tunneksid end kaasatuna, kuulatuna ja v\u00e4\u00e4rtustatuna &#8211; olgu selleks tudengid, \u00f5ppej\u00f5ud v\u00f5i partnerid v\u00e4ljastpoolt kooli,&#8221; \u00fctles Ivo Lille.<\/p>\n<p>&#8220;Minu jaoks on oluline selge suund, koost\u00f6ine juhtimine ja praktilised muutused, mis v\u00e4hendavad b\u00fcrokraatiat ning toetavad rohkem sisulist loometegevust ja \u00f5pet. N\u00e4en BFM-i tulevikus rahvusvaheliselt n\u00e4htava ja m\u00f5juka valdkonnakeskusena, mis \u00fchendab tugeva erialase kompetentsi, innovatsiooni, AI v\u00f5imalused ning tiheda koost\u00f6\u00f6 ettev\u00f5tete ja \u00fchiskonnaga,&#8221; lausus ta.<\/p>\n<p>BFM-i direktoriks kandideerisid dokumentalist ja BFM-i praegune kohuset\u00e4itja Riho V\u00e4strik ning kogenud juht ja muusik Ivo Lille. Direktor valiti 22. mail toimunud valivas kogus, kuhu kuulusid Balti filmi, meedia ja kunstide instituudi n\u00f5ukogu liikmed ning Tallinna \u00dclikooli rektor.<\/p>\n<p>Ivo Lille on eelnevalt t\u00f6\u00f6tanud Georg Otsa nimelise Tallinna Muusikakooli direktorina ja kultuuriministeeriumi muusikan\u00f5unikuna. Samuti on ta osalenud paljude Eesti olulisemate muusikaasutuste, sealhulgas Eesti Riikliku S\u00fcmfooniaorkestri, Eesti Filharmoonia Kammerkoori ja Eesti Kontserdi n\u00f5ukogudes. Alates 2024. aastast t\u00f6\u00f6tab Lille okupatsioonide ja vabaduse muuseumi Vabamu tegevjuhina.<\/p>\n<p>Tallinna \u00dclikooli Balti filmi, meedia ja kunstide instituudi j\u00e4rgmise direktori ametiaeg kestab 1. septembrist 2026 kuni 31. augustini 2031. Seni juhib instituuti direktori kohuset\u00e4itja Riho V\u00e4strik.<\/p>\n","protected":false},"excerpt":{"rendered":"Tallinna \u00dclikooli Balti filmi, meedia ja kunstide instituudi (BFM) j\u00e4rgmiseks direktoriks Ivo Lille. Direktori viieaastane ametiaeg algab 1.&hellip;\n","protected":false},"author":2,"featured_media":184232,"comment_status":"","ping_status":"","sticky":false,"template":"","format":"standard","meta":{"footnotes":"","_share_on_mastodon":"0"},"categories":[12],"tags":[11673,26,27,37,33,35,34,36,31,32,21,80012,28,29,19,25,23,24,22,20,30],"class_list":["post-184231","post","type-post","status-publish","format-standard","has-post-thumbnail","category-eesti","tag-bfm","tag-breaking-news","tag-breakingnews","tag-ee","tag-eesti","tag-eesti-keel","tag-estonia","tag-estonian","tag-featured-news","tag-featurednews","tag-headlines","tag-ivo-lille","tag-latest-news","tag-latestnews","tag-news","tag-populaarseimad-lood","tag-top-stories","tag-topstories","tag-uldised-uudised","tag-uudised","tag-viimased-uudised"],"share_on_mastodon":{"url":"https:\/\/pubeurope.com\/@ee\/116617430152674484","error":""},"_links":{"self":[{"href":"https:\/\/www.europesays.com\/ee\/wp-json\/wp\/v2\/posts\/184231","targetHints":{"allow":["GET"]}}],"collection":[{"href":"https:\/\/www.europesays.com\/ee\/wp-json\/wp\/v2\/posts"}],"about":[{"href":"https:\/\/www.europesays.com\/ee\/wp-json\/wp\/v2\/types\/post"}],"author":[{"embeddable":true,"href":"https:\/\/www.europesays.com\/ee\/wp-json\/wp\/v2\/users\/2"}],"replies":[{"embeddable":true,"href":"https:\/\/www.europesays.com\/ee\/wp-json\/wp\/v2\/comments?post=184231"}],"version-history":[{"count":0,"href":"https:\/\/www.europesays.com\/ee\/wp-json\/wp\/v2\/posts\/184231\/revisions"}],"wp:featuredmedia":[{"embeddable":true,"href":"https:\/\/www.europesays.com\/ee\/wp-json\/wp\/v2\/media\/184232"}],"wp:attachment":[{"href":"https:\/\/www.europesays.com\/ee\/wp-json\/wp\/v2\/media?parent=184231"}],"wp:term":[{"taxonomy":"category","embeddable":true,"href":"https:\/\/www.europesays.com\/ee\/wp-json\/wp\/v2\/categories?post=184231"},{"taxonomy":"post_tag","embeddable":true,"href":"https:\/\/www.europesays.com\/ee\/wp-json\/wp\/v2\/tags?post=184231"}],"curies":[{"name":"wp","href":"https:\/\/api.w.org\/{rel}","templated":true}]}}