{"id":184295,"date":"2026-05-22T10:20:12","date_gmt":"2026-05-22T10:20:12","guid":{"rendered":"https:\/\/www.europesays.com\/ee\/184295\/"},"modified":"2026-05-22T10:20:12","modified_gmt":"2026-05-22T10:20:12","slug":"koda-komisjoni-vaetiste-tegevuskava-ei-too-eestile-kiiret-leevendust-2","status":"publish","type":"post","link":"https:\/\/www.europesays.com\/ee\/184295\/","title":{"rendered":"Koda: komisjoni v\u00e4etiste tegevuskava ei too Eestile kiiret leevendust"},"content":{"rendered":"<p>Euroopa Komisjon avaldas 19. mail 2026 ELi v\u00e4etiste tegevuskava. Eesti P\u00f5llumajandus-Kaubanduskoja hinnangul ei paku see p\u00f5llumeestele kiiret l\u00fchiajalist leevendust ning v\u00e4etisi s\u00fcsiniku piirimaksu (CBAM) alt v\u00e4lja ei arvata.<\/p>\n<p>V\u00e4etiste hinnat\u00f5us on olnud v\u00e4ga j\u00e4rsk. Kui s\u00fcgisel maksis ammooniumnitraat (AN) umbes 325\u2013340 \u20ac\/t, siis praegu \u00fcle 540 \u20ac\/t.<\/p>\n","protected":false},"excerpt":{"rendered":"Euroopa Komisjon avaldas 19. mail 2026 ELi v\u00e4etiste tegevuskava. Eesti P\u00f5llumajandus-Kaubanduskoja hinnangul ei paku see p\u00f5llumeestele kiiret l\u00fchiajalist&hellip;\n","protected":false},"author":2,"featured_media":184264,"comment_status":"","ping_status":"","sticky":false,"template":"","format":"standard","meta":{"footnotes":"","_share_on_mastodon":"0"},"categories":[80],"tags":[3427,3431,3426,26,27,37,33,35,3450,3456,3445,34,36,3451,31,32,21,3429,1155,3455,3428,44,28,29,3432,1952,3442,426,3439,95,3444,3437,3448,3443,3086,3425,19,443,3452,3433,3449,3447,3424,3441,3435,25,3446,3430,134,3454,3440,3453,371,3434,23,24,3436,22,20,3438,30,92,93,94],"class_list":["post-184295","post","type-post","status-publish","format-standard","has-post-thumbnail","category-maailm","tag-aed","tag-aedviljad","tag-aiatarkus","tag-breaking-news","tag-breakingnews","tag-ee","tag-eesti","tag-eesti-keel","tag-eesti-pollumajandus-kaubanduskoda","tag-eesti-talupidajate-keskliit","tag-erakorraline-toetus","tag-estonia","tag-estonian","tag-etki","tag-featured-news","tag-featurednews","tag-headlines","tag-juurviljakasvatus","tag-kalandus","tag-kerli-ats","tag-koduaed","tag-koogiviljakasvatus","tag-latest-news","tag-latestnews","tag-lilled","tag-looduskalender","tag-loomakasvatus","tag-maaelu","tag-maaettevotlus","tag-maailm","tag-maamess","tag-maaturism","tag-maaulikool","tag-mahetootmine","tag-metsandus","tag-metsatoostus","tag-news","tag-olustvere","tag-parim-talu","tag-piimakari","tag-polli","tag-pollimajandustoetus","tag-pollumajandus","tag-pollumajanduspoliitika","tag-pollumajandustehnika","tag-populaarseimad-lood","tag-pria","tag-puuviljakasvatus","tag-rohepoore","tag-roomet-sormus","tag-taimetark","tag-talutoit","tag-tehnika","tag-toiduainetoostus","tag-top-stories","tag-topstories","tag-turism","tag-uldised-uudised","tag-uudised","tag-vaikeettevotlus","tag-viimased-uudised","tag-world","tag-world-news","tag-worldnews"],"share_on_mastodon":{"url":"","error":"Validation failed: Text character limit of 500 exceeded"},"_links":{"self":[{"href":"https:\/\/www.europesays.com\/ee\/wp-json\/wp\/v2\/posts\/184295","targetHints":{"allow":["GET"]}}],"collection":[{"href":"https:\/\/www.europesays.com\/ee\/wp-json\/wp\/v2\/posts"}],"about":[{"href":"https:\/\/www.europesays.com\/ee\/wp-json\/wp\/v2\/types\/post"}],"author":[{"embeddable":true,"href":"https:\/\/www.europesays.com\/ee\/wp-json\/wp\/v2\/users\/2"}],"replies":[{"embeddable":true,"href":"https:\/\/www.europesays.com\/ee\/wp-json\/wp\/v2\/comments?post=184295"}],"version-history":[{"count":0,"href":"https:\/\/www.europesays.com\/ee\/wp-json\/wp\/v2\/posts\/184295\/revisions"}],"wp:featuredmedia":[{"embeddable":true,"href":"https:\/\/www.europesays.com\/ee\/wp-json\/wp\/v2\/media\/184264"}],"wp:attachment":[{"href":"https:\/\/www.europesays.com\/ee\/wp-json\/wp\/v2\/media?parent=184295"}],"wp:term":[{"taxonomy":"category","embeddable":true,"href":"https:\/\/www.europesays.com\/ee\/wp-json\/wp\/v2\/categories?post=184295"},{"taxonomy":"post_tag","embeddable":true,"href":"https:\/\/www.europesays.com\/ee\/wp-json\/wp\/v2\/tags?post=184295"}],"curies":[{"name":"wp","href":"https:\/\/api.w.org\/{rel}","templated":true}]}}