{"id":184345,"date":"2026-05-22T11:13:10","date_gmt":"2026-05-22T11:13:10","guid":{"rendered":"https:\/\/www.europesays.com\/ee\/184345\/"},"modified":"2026-05-22T11:13:10","modified_gmt":"2026-05-22T11:13:10","slug":"ametlik-pep-guardiola-tombab-10-aasta-jarel-city-peatukile-joone-alla-soccernet-ee","status":"publish","type":"post","link":"https:\/\/www.europesays.com\/ee\/184345\/","title":{"rendered":"Ametlik: Pep Guardiola t\u00f5mbab 10 aasta j\u00e4rel City-peat\u00fckile joone alla &#8211; Soccernet.ee"},"content":{"rendered":"<p><img decoding=\"async\" src=\"https:\/\/www.europesays.com\/ee\/wp-content\/uploads\/2026\/05\/1779447058.jpg\" alt=\"Pep Guardiola. Foto: Scanpix \/ Daniel Hambury \/ EPA\"\/>&#13;\n<\/p>\n<p>K\u00fcmnekordne Inglismaa meister Manchester City tegi avalikuks teate, et klubile 20 karikat v\u00f5itnud peatreener Pep Guardiola lahkub hooaja l\u00f5ppedes ametist.<\/p>\n<p>K\u00fcmme aastat tagasi kuulutas toona neljakordne Inglismaa t\u0161empion City, et nende peatreeneriks asub Guardiola, kes oli eelnevalt juhendanud M\u00fcncheni Bayernit ja Barcelonat. N\u00fc\u00fcd saab t\u00f5deda, et 55-aastase Guardiola ja City teekond osutus \u00fcliedukaks. \u00dcheskoos v\u00f5ideti 20 karikat, millest kuus moodustasid Premier League&#8217;i trofeed, korra t\u00f5steti taeva poole ka Meistrite liiga, kui 2023. aasta finaalis seljatati Milano Inter.&#13;\n<\/p>\n<blockquote class=\"twitter-tweet\"><p>&#13;<\/p>\n<p lang=\"en\" dir=\"ltr\">Pep Guardiola to step down after incredible decade as City Manager \ud83e\ude75<\/p>\n<p>\ud83d\udd17 <a href=\"https:\/\/t.co\/u84AZYY23t\" rel=\"nofollow\">https:\/\/t.co\/u84AZYY23t<\/a> <a href=\"https:\/\/t.co\/QYTPARaprO\" rel=\"nofollow\">pic.twitter.com\/QYTPARaprO<\/a>&#13;<br \/>\n\u2014 Manchester City (@ManCity) <a href=\"https:\/\/twitter.com\/ManCity\/status\/2057767116644700432?ref_src=twsrc%5Etfw\" rel=\"nofollow noopener\" target=\"_blank\">May 22, 2026<\/a><\/p>\n<\/blockquote>\n<p>K\u00e4imasoleva n\u00e4dala alguses r\u00e4\u00e4kis ja kirjutas Inglismaa meedia kindlas k\u00f5neviisis, et t\u00e4navune hooaeg j\u00e4\u00e4b Guardiola jaoks viimaseks. Viimase pitseri vajutas teisip\u00e4evane liigam\u00e4ng Bournemouthi vastu, kus esikohta noolinud City leppis 1:1 viigiga, mis omakorda l\u00f5petas Arsenali 22 aastat kestnud tiitlip\u00f5ua. Hispaanlase viimaseks kohtumiseks j\u00e4\u00e4b p\u00fchap\u00e4evane mat\u0161 Aston Villa vastu, mis peetakse kodus.&#13;\n<\/p>\n<p>Ehkki Premier League&#8217;i ja Meistrite liiga trofeed ei \u00f5nnestunud Cityl t\u00e4navu v\u00f5ita, lepiti Inglismaa liigakarika ja alaliidu v\u00e4lja pandud karikaga, kui Wembley staadionil toimunud finaalides oldi edukad kaks korda. Guardiola j\u00e4reltulijaks saab k\u00f5igi eelduste kohaselt olema endine Chelsea pealik Enzo Maresca.<\/p>\n<blockquote class=\"twitter-tweet\"><p>&#13;<\/p>\n<p lang=\"es\" dir=\"ltr\">Pep Guardiola \ud83d\udc10&#13;<br \/>\n\u2014 Manchester City (@ManCity) <a href=\"https:\/\/twitter.com\/ManCity\/status\/2057768565973934097?ref_src=twsrc%5Etfw\" rel=\"nofollow noopener\" target=\"_blank\">May 22, 2026<\/a><\/p>\n<\/blockquote>\n<p>&#8220;Kui ma saabusin, oli mu esimene intervjuu Noel Gallagheriga. K\u00f5ndisin v\u00e4lja m\u00f5ttega: &#8220;Olgu, siin on Noel, sellest tuleb l\u00f5bus aeg.&#8221;&#13;\n<\/p>\n<p>Ja milline aeg meil koos on olnud. \u00c4rge k\u00fcsige minult p\u00f5hjuseid, miks ma lahkun. Mingit konkreetset p\u00f5hjust ei ole, aga sisimas tean, et minu aeg on k\u00e4es. Miski pole igavene \u2014 kui oleks, oleksin ma siin edasi. Igaveseks j\u00e4\u00e4vad emotsioonid, inimesed, m\u00e4lestused ja armastus, mida tunnen oma Manchester City vastu.<\/p>\n<p>See on linn, mis on t\u00f6\u00f6le \u00fcles ehitatud. Raskele t\u00f6\u00f6le. Seda n\u00e4eb isegi telliste v\u00e4rvist. Inimestest, kes tulid vara t\u00f6\u00f6le ja lahkusid hilja. Tehased. Pankhurstid. Ameti\u00fchingud. Muusika. Ja t\u00f6\u00f6stusrevolutsioon, mis muutus maailma. Ma arvan, et \u00f5ppisin seda m\u00f5istma \u2014 ja ka minu meeskonnad \u00f5ppisid.&#13;\n<\/p>\n<p>Me t\u00f6\u00f6tasime. Me kannatasime. Me v\u00f5itlesime. Ja tegime asju omal moel. Meie moodi. Raske t\u00f6\u00f6 avaldub mitmel kujul. S\u00f5idud Bournemouthi, kui me kaotasime Premier League&#8217;i \u2014 te olite seal kohal. Reisid Istanbuli \u2014 ka siis olite kohal.&#13;\n<\/p>\n<p>M\u00e4letate Manchester Arena terrorir\u00fcnnakut. See linn n\u00e4itas maailmale, milline n\u00e4eb v\u00e4lja t\u00f5eline tugevus. Mitte viha. Mitte hirm. Vaid armastus. \u00dchtehoidmine. Kogukond. \u00dchine linn.&#13;\n<\/p>\n<p>M\u00e4letate, kui kaotasin koroonaviiruse ajal oma ema ja tundsin, kuidas see klubi mind toetas. F\u00e4nnid, t\u00f6\u00f6tajad, Manchesteri inimesed \u2014 te andsite mulle j\u00f5udu siis, kui seda k\u00f5ige rohkem vajasin.<\/p>\n<p>M\u00e4ngijad ei unusta mitte \u00fchtegi hetke ega momenti. Mina, minu taustatiim, see klubi \u2014 k\u00f5ik. K\u00f5ik, mida me tegime, tegime teie jaoks. Ja teie olete olnud lihtsalt erakordsed. Te ei tea seda veel, aga te j\u00e4tate endast maha p\u00e4randi. Nii et kui minu aeg j\u00f5uab l\u00f5pule, olge \u00f5nnelikud. Oasis on j\u00e4lle tagasi.&#13;\n<\/p>\n<p>Daamid ja h\u00e4rrad, ait\u00e4h, et mind usaldasite. Ait\u00e4h, et sundisite mind paremaks saama. Ait\u00e4h, et mind armastasite. Tony Walsh \u00fctles oma unustamatus luuletuses &#8220;See on see koht&#8221;. Vabandust, Tony \u2014 see on minu koht. Noel, mul oli \u00f5igus, see on olnud kuradi l\u00f5bus. Armastan teid k\u00f5iki!&#8221; s\u00f5nas \u00fche aasta enne lepingu l\u00f5ppemist ametist lahkuv Guardiola City pressiteate vahendusel.&#13;\n<\/p>\n<blockquote class=\"twitter-tweet\"><p>&#13;<\/p>\n<p lang=\"en\" dir=\"ltr\">We see things they&#8217;ll never see \ud83c\udfc6\ud83d\udc10 <a href=\"https:\/\/t.co\/s2I6Jf7wUD\" rel=\"nofollow\">pic.twitter.com\/s2I6Jf7wUD<\/a>&#13;<br \/>\n\u2014 Manchester City (@ManCity) <a href=\"https:\/\/twitter.com\/ManCity\/status\/2057769750617362767?ref_src=twsrc%5Etfw\" rel=\"nofollow noopener\" target=\"_blank\">May 22, 2026<\/a><\/p>\n<\/blockquote>\n<p>Klubi kohal ripub ikka veel 115 kirvest&#13;\n<\/p>\n<p>Guardiola lahkub klubist ajal, mil\u00a0s\u00f5ltumatu komisjoni eestvedamisel k\u00f5ib protsess, kus v\u00f5etakse ette iga finantsrikkumine, mida City ajavahemikus 2009-2018 korda saatis. Neid oli t\u00e4pselt 115 t\u00fckki. Nende eest\u00a0on v\u00f5imalik m\u00e4\u00e4rata erinevaid karistusi, n\u00e4iteks rahatrahvi, miinuspunkte v\u00f5i liigast eemaldamise.<\/p>\n<p>Mullu spekuleeriti, et ajamahukas saaga l\u00f5ppeb 2025 kevadel, ent t\u00e4nini pole City saatus selgunud. Ka Premier League&#8217;i tegevjuht Richard Masters ei osanud enne k\u00e4esolevat hooaega \u00f6elda, millal see otsus saabub.                         <\/p>\n<p><script async src=\"https:\/\/platform.twitter.com\/widgets.js\" charset=\"utf-8\"><\/script><\/p>\n","protected":false},"excerpt":{"rendered":"&#13; K\u00fcmnekordne Inglismaa meister Manchester City tegi avalikuks teate, et klubile 20 karikat v\u00f5itnud peatreener Pep Guardiola lahkub&hellip;\n","protected":false},"author":2,"featured_media":184346,"comment_status":"","ping_status":"","sticky":false,"template":"","format":"standard","meta":{"footnotes":"","_share_on_mastodon":"0"},"categories":[18],"tags":[6937,37,33,35,34,36,5902,1614,6938,808,159,158],"class_list":["post-184345","post","type-post","status-publish","format-standard","has-post-thumbnail","category-sport","tag-city","tag-ee","tag-eesti","tag-eesti-keel","tag-estonia","tag-estonian","tag-guardiola","tag-manchester-city","tag-pep-guardiola","tag-premier-league","tag-sport","tag-sports"],"share_on_mastodon":{"url":"https:\/\/pubeurope.com\/@ee\/116617937578482635","error":""},"_links":{"self":[{"href":"https:\/\/www.europesays.com\/ee\/wp-json\/wp\/v2\/posts\/184345","targetHints":{"allow":["GET"]}}],"collection":[{"href":"https:\/\/www.europesays.com\/ee\/wp-json\/wp\/v2\/posts"}],"about":[{"href":"https:\/\/www.europesays.com\/ee\/wp-json\/wp\/v2\/types\/post"}],"author":[{"embeddable":true,"href":"https:\/\/www.europesays.com\/ee\/wp-json\/wp\/v2\/users\/2"}],"replies":[{"embeddable":true,"href":"https:\/\/www.europesays.com\/ee\/wp-json\/wp\/v2\/comments?post=184345"}],"version-history":[{"count":0,"href":"https:\/\/www.europesays.com\/ee\/wp-json\/wp\/v2\/posts\/184345\/revisions"}],"wp:featuredmedia":[{"embeddable":true,"href":"https:\/\/www.europesays.com\/ee\/wp-json\/wp\/v2\/media\/184346"}],"wp:attachment":[{"href":"https:\/\/www.europesays.com\/ee\/wp-json\/wp\/v2\/media?parent=184345"}],"wp:term":[{"taxonomy":"category","embeddable":true,"href":"https:\/\/www.europesays.com\/ee\/wp-json\/wp\/v2\/categories?post=184345"},{"taxonomy":"post_tag","embeddable":true,"href":"https:\/\/www.europesays.com\/ee\/wp-json\/wp\/v2\/tags?post=184345"}],"curies":[{"name":"wp","href":"https:\/\/api.w.org\/{rel}","templated":true}]}}