{"id":184462,"date":"2026-05-22T13:14:08","date_gmt":"2026-05-22T13:14:08","guid":{"rendered":"https:\/\/www.europesays.com\/ee\/184462\/"},"modified":"2026-05-22T13:14:08","modified_gmt":"2026-05-22T13:14:08","slug":"legendide-mang-naaseb-a-le-coq-arenale-sinisargid-voorustavad-grusiine-soccernet-ee","status":"publish","type":"post","link":"https:\/\/www.europesays.com\/ee\/184462\/","title":{"rendered":"Legendide m\u00e4ng naaseb A. Le Coq Arenale: Sinis\u00e4rgid v\u00f5\u00f5rustavad grusiine &#8211; Soccernet.ee"},"content":{"rendered":"<p><img decoding=\"async\" src=\"https:\/\/www.europesays.com\/ee\/wp-content\/uploads\/2026\/05\/1660941069.jpg\" alt=\"Dmitri Kruglov 2022. aastal peetud lahkumism\u00e4ngus, kui Eesti legendid v\u00f5\u00f5rustasid Soome legende. Foto: Liisi Troska \/ jalgpall.ee\"\/>&#13;\n<\/p>\n<p>31. mail kohtuvad A. Le Coq Arenal s\u00f5pruskohtumises Eesti ja Gruusia meeste jalgpallilegendide v\u00f5istkonnad. Avavile k\u00f5lab kell 19, sissep\u00e4\u00e4s on k\u00f5igile huvilistele tasuta.<\/p>\n<p>Legendide kohtumine on tihedalt seotud Eestis toimuva U17 noormeeste Euroopa meistriv\u00f5istluste finaalturniiriga, mille juhtm\u00f5te k\u00f5lab: &#8220;Siin s\u00fcnnivad legendid.&#8221; Juhtm\u00f5te on omal moel mitmet\u00e4henduslik, viidates muuhulgas endistele tippm\u00e4ngijatele, keda saab p\u00e4rast Eesti U17 koondise viimast alagrupim\u00e4ngu A. Le Coq Arenal m\u00e4ngimas n\u00e4ha, kirjutab <a href=\"https:\/\/jalgpall.ee\/koondis\/1\/uudised\/eesti-ja-gruusia-jalgpallilegendid-kohtuvad-a-le-coq-arenal-n25978\" target=\"_blank\" rel=\"nofollow noopener\">jalgpall.ee<\/a>.&#13;\n<\/p>\n<p>Enne legendidevahelist kohtumist, samal p\u00e4eval kell 14.30 toimub A. Le Coq Arenal Eesti ja Belgia U17 koondiste vaheline kohtumine, mida n\u00e4itab otsepildis Soccernet TV. Legendid panevad palli m\u00e4ngu kell 19.&#13;\n<\/p>\n<p>Eesti poolelt on rohkem kui 100 korda koondist esindanud meestest oma osalemise juba kinnitanud Andres Oper, Marko Kristal, Dmitri Kruglov, Aleksandr Dmitrijev ja Kristen Viikm\u00e4e.<\/p>\n<p>Gruusia legendide koosseisus tulevad A. Le Coq Arenale n\u00e4iteks kolme klubiga Bundesligas m\u00e4nginud Levan Kobia\u0161vili, samuti endine Bundesliga m\u00e4ngija ja kaks korda Gruusia parimaks jalgpalluriks valitud Alexander Ia\u0161vili, kahekordne Poola meister Vladimir Dvali\u0161vili, La Ligas pallinud Giorgi Demetradze ja paljud teised.&#13;<\/p>\n","protected":false},"excerpt":{"rendered":"&#13; 31. mail kohtuvad A. Le Coq Arenal s\u00f5pruskohtumises Eesti ja Gruusia meeste jalgpallilegendide v\u00f5istkonnad. Avavile k\u00f5lab kell&hellip;\n","protected":false},"author":2,"featured_media":184463,"comment_status":"","ping_status":"","sticky":false,"template":"","format":"standard","meta":{"footnotes":"","_share_on_mastodon":"0"},"categories":[18],"tags":[80965,27159,31669,37,33,35,34,36,1946,80966,11959,32857,159,158],"class_list":["post-184462","post","type-post","status-publish","format-standard","has-post-thumbnail","category-sport","tag-aleksandr-dmitrijev","tag-andres-oper","tag-dmitri-kruglov","tag-ee","tag-eesti","tag-eesti-keel","tag-estonia","tag-estonian","tag-gruusia","tag-kristen-viikmae","tag-legendide-mang","tag-marko-kristal","tag-sport","tag-sports"],"share_on_mastodon":{"url":"https:\/\/pubeurope.com\/@ee\/116618413335429990","error":""},"_links":{"self":[{"href":"https:\/\/www.europesays.com\/ee\/wp-json\/wp\/v2\/posts\/184462","targetHints":{"allow":["GET"]}}],"collection":[{"href":"https:\/\/www.europesays.com\/ee\/wp-json\/wp\/v2\/posts"}],"about":[{"href":"https:\/\/www.europesays.com\/ee\/wp-json\/wp\/v2\/types\/post"}],"author":[{"embeddable":true,"href":"https:\/\/www.europesays.com\/ee\/wp-json\/wp\/v2\/users\/2"}],"replies":[{"embeddable":true,"href":"https:\/\/www.europesays.com\/ee\/wp-json\/wp\/v2\/comments?post=184462"}],"version-history":[{"count":0,"href":"https:\/\/www.europesays.com\/ee\/wp-json\/wp\/v2\/posts\/184462\/revisions"}],"wp:featuredmedia":[{"embeddable":true,"href":"https:\/\/www.europesays.com\/ee\/wp-json\/wp\/v2\/media\/184463"}],"wp:attachment":[{"href":"https:\/\/www.europesays.com\/ee\/wp-json\/wp\/v2\/media?parent=184462"}],"wp:term":[{"taxonomy":"category","embeddable":true,"href":"https:\/\/www.europesays.com\/ee\/wp-json\/wp\/v2\/categories?post=184462"},{"taxonomy":"post_tag","embeddable":true,"href":"https:\/\/www.europesays.com\/ee\/wp-json\/wp\/v2\/tags?post=184462"}],"curies":[{"name":"wp","href":"https:\/\/api.w.org\/{rel}","templated":true}]}}