{"id":184485,"date":"2026-05-22T13:47:14","date_gmt":"2026-05-22T13:47:14","guid":{"rendered":"https:\/\/www.europesays.com\/ee\/184485\/"},"modified":"2026-05-22T13:47:14","modified_gmt":"2026-05-22T13:47:14","slug":"guardiola-lahkubki-cityst-carrick-jatkab-unitedi-peatreenerina-jalgpall","status":"publish","type":"post","link":"https:\/\/www.europesays.com\/ee\/184485\/","title":{"rendered":"Guardiola lahkubki Cityst, Carrick j\u00e4tkab Unitedi peatreenerina | Jalgpall"},"content":{"rendered":"<p>Kui \u00fcks Manchesteri kuulus jalgpallimeeskond alustab j\u00e4rgmisel hooajal uut ajastut, j\u00e4tkab teine kevadel pooleli j\u00e4\u00e4nud t\u00f6\u00f6d.<\/p>\n<p>Inglismaa meedia on sel <a href=\"https:\/\/sport.err.ee\/1610027413\/meedia-guardiola-lahkub-hooaja-lopus-manchester-cityst\" target=\"_blank\" rel=\"noopener nofollow\">n\u00e4dalal spekuleerinud<\/a>, et k\u00fcmme aastat Manchester Cityt juhendanud Pep Guardiola lahkub hooaja l\u00f5pus ametist. Reedel kinnitaski klubi, et Guardiola jaoks j\u00e4\u00e4b p\u00fchap\u00e4evane kodum\u00e4ng Aston Villa vastu City juhendajana viimaseks.<\/p>\n<p>&#8220;\u00c4rge k\u00fcsige p\u00f5hjuseid, miks ma lahkun. P\u00f5hjust pole, aga s\u00fcgaval sisimas tean, et on minu aeg,&#8221; s\u00f5nas Guardiola pressiteate vahendusel. &#8220;Miski pole igavene; kui oleks, oleksin siin. Igaveseks j\u00e4\u00e4vad tunded, inimesed, m\u00e4lestused ja armastus minu Manchester City vastu. N\u00e4gime vaeva, kannatasime, v\u00f5itlesime ja tegime asju enda moodi,&#8221; lisas ta.<\/p>\n<p>City muutus Guardiola k\u00e4e all Inglismaa k\u00f5rgliiga domineerivaks j\u00f5uks \u2013 hooajal 2017\/18 kogus meeskond tema juhtimisel liigas rekordilised 100 punkti ja l\u00f5i 106 v\u00e4ravat \u2013 ja krooniti kuuekordseks Inglismaa meistriks. Kaua oodatud edu Meistrite liigas saabus viimaks 2023. aasta kevadel, kui City alistas finaalis Milano Interi.<\/p>\n<p>Kui \u00fcheks aegade parimaks treeneriks peetava Guardiola ajastu t\u00f5i Manchesteri sinisele klubile hulgaliselt trofeesid, oli m\u00f6\u00f6dunud aastak\u00fcmme linnarivaalile Unitedile sootuks nukram. Kaks korda j\u00f5uti k\u00fcll h\u00f5bemedalini, aga eelmisel hooajal tuli n\u00e4iteks leppida 15. kohaga.<\/p>\n<p>13. jaanuaril v\u00f5ttis Unitedi ohjad \u00fcle klubi endine m\u00e4ngija Michael Carrick ning tema k\u00e4e all v\u00f5itis klubi 16 m\u00e4ngust 11, sealjuures alistati nii City, hilisem meister Arsenal, Liverpool kui Chelsea. Liigahooaja l\u00f5petas United kolmandal kohal ning ilusa poolaasta krooniks andis klubi Carrickule n\u00fc\u00fcd reedel 2028. aasta suveni kehtiva lepingu.<\/p>\n<p>&#8220;Niipea, kui 20 aastat tagasi siia saabusin, tundsin Manchester Unitedi maagiat. Meie erilise jalgpalliklubi juhtimine t\u00e4idab mind erakordse uhkustundega. Viimase viie kuu jooksul on see grupp m\u00e4ngijaid t\u00f5estanud, et nad suudavad t\u00e4ita k\u00f5iki standardeid, mida siin neilt n\u00f5uame. N\u00fc\u00fcd on aeg koos edasi liikuda,&#8221; kommenteeris Carrick.<\/p>\n","protected":false},"excerpt":{"rendered":"Kui \u00fcks Manchesteri kuulus jalgpallimeeskond alustab j\u00e4rgmisel hooajal uut ajastut, j\u00e4tkab teine kevadel pooleli j\u00e4\u00e4nud t\u00f6\u00f6d. Inglismaa meedia&hellip;\n","protected":false},"author":2,"featured_media":184486,"comment_status":"","ping_status":"","sticky":false,"template":"","format":"standard","meta":{"footnotes":"","_share_on_mastodon":"0"},"categories":[18],"tags":[37,33,35,34,36,1614,41666,6938,159,158],"class_list":["post-184485","post","type-post","status-publish","format-standard","has-post-thumbnail","category-sport","tag-ee","tag-eesti","tag-eesti-keel","tag-estonia","tag-estonian","tag-manchester-city","tag-michael-carrick","tag-pep-guardiola","tag-sport","tag-sports"],"share_on_mastodon":{"url":"https:\/\/pubeurope.com\/@ee\/116618542937982443","error":""},"_links":{"self":[{"href":"https:\/\/www.europesays.com\/ee\/wp-json\/wp\/v2\/posts\/184485","targetHints":{"allow":["GET"]}}],"collection":[{"href":"https:\/\/www.europesays.com\/ee\/wp-json\/wp\/v2\/posts"}],"about":[{"href":"https:\/\/www.europesays.com\/ee\/wp-json\/wp\/v2\/types\/post"}],"author":[{"embeddable":true,"href":"https:\/\/www.europesays.com\/ee\/wp-json\/wp\/v2\/users\/2"}],"replies":[{"embeddable":true,"href":"https:\/\/www.europesays.com\/ee\/wp-json\/wp\/v2\/comments?post=184485"}],"version-history":[{"count":0,"href":"https:\/\/www.europesays.com\/ee\/wp-json\/wp\/v2\/posts\/184485\/revisions"}],"wp:featuredmedia":[{"embeddable":true,"href":"https:\/\/www.europesays.com\/ee\/wp-json\/wp\/v2\/media\/184486"}],"wp:attachment":[{"href":"https:\/\/www.europesays.com\/ee\/wp-json\/wp\/v2\/media?parent=184485"}],"wp:term":[{"taxonomy":"category","embeddable":true,"href":"https:\/\/www.europesays.com\/ee\/wp-json\/wp\/v2\/categories?post=184485"},{"taxonomy":"post_tag","embeddable":true,"href":"https:\/\/www.europesays.com\/ee\/wp-json\/wp\/v2\/tags?post=184485"}],"curies":[{"name":"wp","href":"https:\/\/api.w.org\/{rel}","templated":true}]}}