{"id":184691,"date":"2026-05-22T17:38:08","date_gmt":"2026-05-22T17:38:08","guid":{"rendered":"https:\/\/www.europesays.com\/ee\/184691\/"},"modified":"2026-05-22T17:38:08","modified_gmt":"2026-05-22T17:38:08","slug":"trevor-hindi-voistkond-jai-karikafinaalis-kaotajaks-soccernet-ee","status":"publish","type":"post","link":"https:\/\/www.europesays.com\/ee\/184691\/","title":{"rendered":"Trevor Hindi v\u00f5istkond j\u00e4i karikafinaalis kaotajaks &#8211; Soccernet.ee"},"content":{"rendered":"<p><img decoding=\"async\" src=\"https:\/\/www.europesays.com\/ee\/wp-content\/uploads\/2026\/05\/1775021155.jpeg\" alt=\"Trevor Hint. Foto: erakogu\"\/>&#13;\n<\/p>\n<p>Trevor Hindi v\u00f5istkond Wolfsburg kaotas Saksamaa U19 karikafinaalis Stuttgardile 0:3. Stuttgart skooris 22., 30. ja 87. minutil.<\/p>\n<p>Hint ise pole p\u00e4rast m\u00e4rtsikuud v\u00f5istlusv\u00e4ljakutel k\u00e4inud ja ei kuulunud ka t\u00e4na Wolfsburgi koosseisu. Karika veerandfinaalis oli ta sekkunud vahetusest 82. minutil ja poolfinaalis lisaaja alguses.&#13;\n<\/p>\n<p>Saksamaa U19 k\u00f5rgliigas v\u00f5itis Wolfsburg selle hooaja p\u00f5hiturniiril kindlalt oma kuueliikmelise alagrupi, kuid kaotas seej\u00e4rel kaheksandikfinaalis teise alagrupi neljandale tiimile Paderborn 1:5.<\/p>\n","protected":false},"excerpt":{"rendered":"&#13; Trevor Hindi v\u00f5istkond Wolfsburg kaotas Saksamaa U19 karikafinaalis Stuttgardile 0:3. Stuttgart skooris 22., 30. ja 87. minutil.&hellip;\n","protected":false},"author":2,"featured_media":184692,"comment_status":"","ping_status":"","sticky":false,"template":"","format":"standard","meta":{"footnotes":"","_share_on_mastodon":"0"},"categories":[18],"tags":[37,33,35,34,36,5032,61018,159,158,81053,922,5034],"class_list":["post-184691","post","type-post","status-publish","format-standard","has-post-thumbnail","category-sport","tag-ee","tag-eesti","tag-eesti-keel","tag-estonia","tag-estonian","tag-hint","tag-saksamaa-u19-karikas","tag-sport","tag-sports","tag-stuttgart-u19","tag-trevor-hint","tag-wolfsburg-u19"],"share_on_mastodon":{"url":"https:\/\/pubeurope.com\/@ee\/116619451376803072","error":""},"_links":{"self":[{"href":"https:\/\/www.europesays.com\/ee\/wp-json\/wp\/v2\/posts\/184691","targetHints":{"allow":["GET"]}}],"collection":[{"href":"https:\/\/www.europesays.com\/ee\/wp-json\/wp\/v2\/posts"}],"about":[{"href":"https:\/\/www.europesays.com\/ee\/wp-json\/wp\/v2\/types\/post"}],"author":[{"embeddable":true,"href":"https:\/\/www.europesays.com\/ee\/wp-json\/wp\/v2\/users\/2"}],"replies":[{"embeddable":true,"href":"https:\/\/www.europesays.com\/ee\/wp-json\/wp\/v2\/comments?post=184691"}],"version-history":[{"count":0,"href":"https:\/\/www.europesays.com\/ee\/wp-json\/wp\/v2\/posts\/184691\/revisions"}],"wp:featuredmedia":[{"embeddable":true,"href":"https:\/\/www.europesays.com\/ee\/wp-json\/wp\/v2\/media\/184692"}],"wp:attachment":[{"href":"https:\/\/www.europesays.com\/ee\/wp-json\/wp\/v2\/media?parent=184691"}],"wp:term":[{"taxonomy":"category","embeddable":true,"href":"https:\/\/www.europesays.com\/ee\/wp-json\/wp\/v2\/categories?post=184691"},{"taxonomy":"post_tag","embeddable":true,"href":"https:\/\/www.europesays.com\/ee\/wp-json\/wp\/v2\/tags?post=184691"}],"curies":[{"name":"wp","href":"https:\/\/api.w.org\/{rel}","templated":true}]}}