{"id":184741,"date":"2026-05-22T18:37:08","date_gmt":"2026-05-22T18:37:08","guid":{"rendered":"https:\/\/www.europesays.com\/ee\/184741\/"},"modified":"2026-05-22T18:37:08","modified_gmt":"2026-05-22T18:37:08","slug":"err-slovjanskis-rindejoone-lahenemise-tottu-lahkuvad-kohalikud-oma-kodudest-valismaa","status":"publish","type":"post","link":"https:\/\/www.europesays.com\/ee\/184741\/","title":{"rendered":"ERR Slovjanskis: rindejoone l\u00e4henemise t\u00f5ttu lahkuvad kohalikud oma kodudest | V\u00e4lismaa"},"content":{"rendered":"<p>Rindejoon Ida-Ukranas l\u00e4heneb Donbassi suurtele linnadele nagu Kramatorsk ja Slovjansk. Kohalikud elanikud on sunnitud oma kodudest lahkuma.<\/p>\n<p>Viimati oli &#8220;Aktuaalse kaamera&#8221; v\u00f5ttegrupp Slovjanskis paar kuud tagasi. Siis ei olnud veel linn droonivastaste v\u00f5rkudega kaetud, kuid liugpommi vastu v\u00f5rgud ei aita.<\/p>\n<p>&#8220;Oli v\u00e4ga hirmus, poisid. V\u00e4ga hirmus. 1,5-tonnine liugpomm kukkus \u2013\u00a0 see oli kogu Slovjanskis kuulda,&#8221; lausus Svitlana.<\/p>\n<p>Svitlana t\u00f6\u00f6tas v\u00e4ikeses poes m\u00fc\u00fcjana. Eelmisel n\u00e4dalal tegi Venemaa pomm tema poe maatasa. N\u00fc\u00fcd valmistub ta Slovjanskist lahkuma koos alles j\u00e4\u00e4nud poekaubaga.<\/p>\n<p>Rindejoon kulgeb praegu pooleteisk\u00fcmne kilomeetri kaugusel linnapiirist. Venemaa suurt\u00fckkide ja FPV-droonide jaoks pole see \u00fcldse kaugel.<\/p>\n<p>&#8220;Evakueerujate vool on aina kasvamas, sest olukord halveneb Slovjanski ja Kramatorski \u00fcmber. L\u00e4bi Slovjanski p\u00f5genike transiidikeskuse liigub kuni 50 inimest p\u00e4evas,&#8221; s\u00f5nas &#8220;Proliska&#8221; humanitaarabifondi esindaja Elmira Krasilnikova.<\/p>\n<p>&#8220;Meie maja l\u00e4hedale kukkus liugpomm. Majad, aknad, garaa\u017e \u2013 k\u00f5ik sai pihta. Ja nii kogu aeg. Naine ei pidanud enam vastu. N\u00fc\u00fcd lahkume, j\u00e4tsime k\u00f5ik asjad \u00e4ra,&#8221; s\u00f5nas Oleksandr.<\/p>\n<p>Oleksandr ja tema naine l\u00e4hevad Odessa oblastisse sugulaste juurde. Kuid mitte k\u00f5igil, kes tahaks sealt lahkuda, ei ole sugulasi.<\/p>\n<p>&#8220;Praegu lahkuvad need, kellel on v\u00f5imalus elamispinda \u00fc\u00fcrida v\u00f5i leida muu majutamisv\u00f5imalus. Need, kellel seda v\u00f5imalust pole, j\u00e4\u00e4vad oma kodudesse kahjuks viimase hetkeni, kui evakuatsioonitransport ei saa enam nende ligi,&#8221; \u00fctles Krasilnikova.<\/p>\n<p>M\u00f5ned p\u00f5genikud loodavad p\u00e4rast s\u00f5ja l\u00f5ppu Slovjanskisse naasta.<\/p>\n","protected":false},"excerpt":{"rendered":"Rindejoon Ida-Ukranas l\u00e4heneb Donbassi suurtele linnadele nagu Kramatorsk ja Slovjansk. Kohalikud elanikud on sunnitud oma kodudest lahkuma. Viimati&hellip;\n","protected":false},"author":2,"featured_media":184742,"comment_status":"","ping_status":"","sticky":false,"template":"","format":"standard","meta":{"footnotes":"","_share_on_mastodon":"0"},"categories":[80],"tags":[26,27,37,33,35,34,36,31,32,21,8851,28,29,95,19,25,9158,23,24,262,124,22,20,96,30,92,93,94],"class_list":["post-184741","post","type-post","status-publish","format-standard","has-post-thumbnail","category-maailm","tag-breaking-news","tag-breakingnews","tag-ee","tag-eesti","tag-eesti-keel","tag-estonia","tag-estonian","tag-featured-news","tag-featurednews","tag-headlines","tag-kramatorsk","tag-latest-news","tag-latestnews","tag-maailm","tag-news","tag-populaarseimad-lood","tag-slovjansk","tag-top-stories","tag-topstories","tag-ukraina","tag-ukraina-soda","tag-uldised-uudised","tag-uudised","tag-venemaa","tag-viimased-uudised","tag-world","tag-world-news","tag-worldnews"],"share_on_mastodon":{"url":"https:\/\/pubeurope.com\/@ee\/116619683189691966","error":""},"_links":{"self":[{"href":"https:\/\/www.europesays.com\/ee\/wp-json\/wp\/v2\/posts\/184741","targetHints":{"allow":["GET"]}}],"collection":[{"href":"https:\/\/www.europesays.com\/ee\/wp-json\/wp\/v2\/posts"}],"about":[{"href":"https:\/\/www.europesays.com\/ee\/wp-json\/wp\/v2\/types\/post"}],"author":[{"embeddable":true,"href":"https:\/\/www.europesays.com\/ee\/wp-json\/wp\/v2\/users\/2"}],"replies":[{"embeddable":true,"href":"https:\/\/www.europesays.com\/ee\/wp-json\/wp\/v2\/comments?post=184741"}],"version-history":[{"count":0,"href":"https:\/\/www.europesays.com\/ee\/wp-json\/wp\/v2\/posts\/184741\/revisions"}],"wp:featuredmedia":[{"embeddable":true,"href":"https:\/\/www.europesays.com\/ee\/wp-json\/wp\/v2\/media\/184742"}],"wp:attachment":[{"href":"https:\/\/www.europesays.com\/ee\/wp-json\/wp\/v2\/media?parent=184741"}],"wp:term":[{"taxonomy":"category","embeddable":true,"href":"https:\/\/www.europesays.com\/ee\/wp-json\/wp\/v2\/categories?post=184741"},{"taxonomy":"post_tag","embeddable":true,"href":"https:\/\/www.europesays.com\/ee\/wp-json\/wp\/v2\/tags?post=184741"}],"curies":[{"name":"wp","href":"https:\/\/api.w.org\/{rel}","templated":true}]}}