{"id":184753,"date":"2026-05-22T18:57:18","date_gmt":"2026-05-22T18:57:18","guid":{"rendered":"https:\/\/www.europesays.com\/ee\/184753\/"},"modified":"2026-05-22T18:57:18","modified_gmt":"2026-05-22T18:57:18","slug":"ametlik-pep-guardiola-tombab-10-aasta-jarel-city-peatukile-joone-alla-soccernet-ee-2","status":"publish","type":"post","link":"https:\/\/www.europesays.com\/ee\/184753\/","title":{"rendered":"Ametlik: Pep Guardiola t\u00f5mbab 10 aasta j\u00e4rel City-peat\u00fckile joone alla &#8211; Soccernet.ee"},"content":{"rendered":"<ol>\n<li><a href=\"https:\/\/news.google.com\/rss\/articles\/CBMisgFBVV95cUxQcEM5UTVKUG0xcVNVMFJqMmd1ekRILXlFZEkxS2FLLVRXVzlhOEdXTVllUXVyVnhBaVJoOTN5SGhCTEJ5d0RwZHFLZ2hyWDNTUURmV0p2UGl5ZWpCYW9YVHlHRUlVUmhCS1c2ZGhoXzdCT0x6ZDBZdzRpS1BiblJqT05iWmE1TGZueC1yZjZlSkZtMm15Q3RoVkJHNGJzM1pRc1Y5bWplVHljMXBxbFNxNUNR?oc=5\" target=\"_blank\" rel=\"nofollow noopener\">Ametlik: Pep Guardiola t\u00f5mbab 10 aasta j\u00e4rel City-peat\u00fckile joone alla<\/a>&nbsp;&nbsp;Soccernet.ee<\/li>\n<li><a href=\"https:\/\/news.google.com\/rss\/articles\/CBMirAFBVV95cUxOaTZMeXE0bzRmRjc5TjQ0T3JRRTFhRFlCa0dDVndkQjBuVkNZYlVCUGF6aTgySUk3RjRMOEF5TlVabHFCU3VqZEp1NzlnNVpuelVjdUNoOFhOdVFqaFVWLWhVZjhubUI1WExlOHlsZi1kSHhIcGFGYjItdFFVOVpsRGFDNHBqLVhLV2Q1QnBZU0lvYkd0UXhadzBBOE5nMjBKUDFoQkFfVm9pRk5q?oc=5\" target=\"_blank\" rel=\"nofollow noopener\">Ajastu l\u00f5pp: Pep Guardiola lahkub Manchester City peatreeneri kohalt<\/a>&nbsp;&nbsp;Delfi Sport<\/li>\n<li><a href=\"https:\/\/news.google.com\/rss\/articles\/CBMingFBVV95cUxQYnRTS3NFMEN2RlZhcmFsWEdWb0tQdVRTcnducXJKOGdtOXB6NGhqVzB0TThBcXp6YTR6d0RtWTd6ZEZqRkhpM0F5bWtOUGFTVUllNEZkX2JpZFp3NXdFTUZLYmV0T1REckY1YkRaOGxmbGdscXFHU01veVFKTHVJbzhyMFdZNzBwWVhNTENzcTlaaEZxalNVaXlqcW0ydw?oc=5\" target=\"_blank\" rel=\"nofollow noopener\">Unitedi m\u00fclkast v\u00e4lja tirinud Carrickut premeeriti p\u00fcsiva lepinguga<\/a>&nbsp;&nbsp;Soccernet.ee<\/li>\n<li><a href=\"https:\/\/news.google.com\/rss\/articles\/CBMitAFBVV95cUxQYUE0d0RXN0ZfMlgzVFdqXzl4V0V6aUNKbEpQWDZidE5nQVdQc3QxSG9ZTVJQbHZXRzEwa3BMTk5fWXhGQ2pQVUdYek1kN3VjVW12N1JtRC1QejZBZ3ViM0VGa2N4UDZOZFFrRUlEOUZtYlNnVG5jblVpQmd4UmlabHdxZTRETHhLRmtRTVVCNVllM09fbE1LWFlJSU16NnBzY2VHZWc0RzlmUkdIOGtYZ01ldWk?oc=5\" target=\"_blank\" rel=\"nofollow noopener\">\u201eMiski pole igavene.\u201c Pep Guardiola loobuski Manchester City peatreeneri kohast<\/a>&nbsp;&nbsp;\u00d5htuleht<\/li>\n<li><a href=\"https:\/\/news.google.com\/rss\/articles\/CBMijwFBVV95cUxPRHREdXAwX2phUmNqM2RyQU5ZbDRkUlkwX0d0YjVKU1oxalRkVmtNM1c5dTgxNFJ4c1djSXBLZGVyWWZqNTFSNnVpTUxZczE0dTdodm0wQ1o0M3k1ZDNRWmlxb3Z6RG5pQlVmMUdkWUU4cExZSTd4ZkxHVWFweVZMdXExOHo1cXZnMmZPZno0WQ?oc=5\" target=\"_blank\" rel=\"nofollow noopener\">Meedia: Guardiola lahkub hooaja l\u00f5pus Manchester Cityst<\/a>&nbsp;&nbsp;sport | ERR<\/li>\n<\/ol>\n","protected":false},"excerpt":{"rendered":"Ametlik: Pep Guardiola t\u00f5mbab 10 aasta j\u00e4rel City-peat\u00fckile joone alla&nbsp;&nbsp;Soccernet.ee Ajastu l\u00f5pp: Pep Guardiola lahkub Manchester City peatreeneri&hellip;\n","protected":false},"author":2,"featured_media":184754,"comment_status":"","ping_status":"","sticky":false,"template":"","format":"standard","meta":{"footnotes":"","_share_on_mastodon":"0"},"categories":[18],"tags":[6937,37,33,35,34,36,5902,1614,6938,808,159,158],"class_list":["post-184753","post","type-post","status-publish","format-standard","has-post-thumbnail","category-sport","tag-city","tag-ee","tag-eesti","tag-eesti-keel","tag-estonia","tag-estonian","tag-guardiola","tag-manchester-city","tag-pep-guardiola","tag-premier-league","tag-sport","tag-sports"],"share_on_mastodon":{"url":"https:\/\/pubeurope.com\/@ee\/116619761759202303","error":""},"_links":{"self":[{"href":"https:\/\/www.europesays.com\/ee\/wp-json\/wp\/v2\/posts\/184753","targetHints":{"allow":["GET"]}}],"collection":[{"href":"https:\/\/www.europesays.com\/ee\/wp-json\/wp\/v2\/posts"}],"about":[{"href":"https:\/\/www.europesays.com\/ee\/wp-json\/wp\/v2\/types\/post"}],"author":[{"embeddable":true,"href":"https:\/\/www.europesays.com\/ee\/wp-json\/wp\/v2\/users\/2"}],"replies":[{"embeddable":true,"href":"https:\/\/www.europesays.com\/ee\/wp-json\/wp\/v2\/comments?post=184753"}],"version-history":[{"count":0,"href":"https:\/\/www.europesays.com\/ee\/wp-json\/wp\/v2\/posts\/184753\/revisions"}],"wp:featuredmedia":[{"embeddable":true,"href":"https:\/\/www.europesays.com\/ee\/wp-json\/wp\/v2\/media\/184754"}],"wp:attachment":[{"href":"https:\/\/www.europesays.com\/ee\/wp-json\/wp\/v2\/media?parent=184753"}],"wp:term":[{"taxonomy":"category","embeddable":true,"href":"https:\/\/www.europesays.com\/ee\/wp-json\/wp\/v2\/categories?post=184753"},{"taxonomy":"post_tag","embeddable":true,"href":"https:\/\/www.europesays.com\/ee\/wp-json\/wp\/v2\/tags?post=184753"}],"curies":[{"name":"wp","href":"https:\/\/api.w.org\/{rel}","templated":true}]}}