{"id":184777,"date":"2026-05-22T19:30:13","date_gmt":"2026-05-22T19:30:13","guid":{"rendered":"https:\/\/www.europesays.com\/ee\/184777\/"},"modified":"2026-05-22T19:30:13","modified_gmt":"2026-05-22T19:30:13","slug":"alex-albon-soitis-montreali-treeningul-otsa-metsumisejale","status":"publish","type":"post","link":"https:\/\/www.europesays.com\/ee\/184777\/","title":{"rendered":"Alex Albon s\u00f5itis Montreali treeningul otsa mets\u00fcmisejale"},"content":{"rendered":"<p>Avarii j\u00e4rel tuli treening umbes veerand tunniks katkestada. Williamsi s\u00f5itja p\u00e4\u00e4ses \u00f5nnetusest vigastusteta, kuid loom sai paraku koheselt surma. <\/p>\n<p>Kuigi teleoperaator ei tahtnud traagilisest \u00f5nnetusest kordust n\u00e4idata, on sotsiaalmeedias levima hakanud videoklippidelt n\u00e4ha, et Albon s\u00f5itis seina just seet\u00f5ttu, et \u00fcritas seitsmendas kurvis loomale otsas\u00f5itu v\u00e4ltida.<\/p>\n<p>Mets\u00fcmiseja on P\u00f5hja-Ameerika suurim oravlane. See liik on end koduselt sisse seadnud ka Montreali ringraja \u00fcmbruses.<\/p>\n<p>Esimese vabatreeningu kiireim oli Mercedese s\u00f5itja Kimi Antonelli. Talle j\u00e4rgnesid tiimikaaslane George Russell ja Lewis Hamilton (Ferrari). Neljas oli teine Ferrari mees Charles Leclerc ja viies Max Verstappen (Red Bull).<\/p>\n<p>Kuidas see lugu Sind end tundma pani? Saada <a href=\"https:\/\/sport.delfi.ee\/artikkel\/120585757\/alex-albon-soitis-montreali-treeningul-otsa-metsumisejale\/kommentaarid\" class=\"article-body-bottom__comment article-body-bottom__comment--write button button--primary button--size-auto\" rel=\"nofollow noopener\" target=\"_blank\"> Kommenteeri <\/a><a href=\"https:\/\/sport.delfi.ee\/artikkel\/120585757\/alex-albon-soitis-montreali-treeningul-otsa-metsumisejale\/kommentaarid\" class=\"article-body-bottom__comment article-body-bottom__comment--read button button--size-auto\" rel=\"nofollow noopener\" target=\"_blank\"> Loe kommentaare <\/a><\/p>\n","protected":false},"excerpt":{"rendered":"Avarii j\u00e4rel tuli treening umbes veerand tunniks katkestada. Williamsi s\u00f5itja p\u00e4\u00e4ses \u00f5nnetusest vigastusteta, kuid loom sai paraku koheselt&hellip;\n","protected":false},"author":2,"featured_media":184778,"comment_status":"","ping_status":"","sticky":false,"template":"","format":"standard","meta":{"footnotes":"","_share_on_mastodon":"0"},"categories":[18],"tags":[7922,37,33,35,34,36,159,158,81062],"class_list":["post-184777","post","type-post","status-publish","format-standard","has-post-thumbnail","category-sport","tag-alex-albon","tag-ee","tag-eesti","tag-eesti-keel","tag-estonia","tag-estonian","tag-sport","tag-sports","tag-vormel1"],"share_on_mastodon":{"url":"https:\/\/pubeurope.com\/@ee\/116619891573041282","error":""},"_links":{"self":[{"href":"https:\/\/www.europesays.com\/ee\/wp-json\/wp\/v2\/posts\/184777","targetHints":{"allow":["GET"]}}],"collection":[{"href":"https:\/\/www.europesays.com\/ee\/wp-json\/wp\/v2\/posts"}],"about":[{"href":"https:\/\/www.europesays.com\/ee\/wp-json\/wp\/v2\/types\/post"}],"author":[{"embeddable":true,"href":"https:\/\/www.europesays.com\/ee\/wp-json\/wp\/v2\/users\/2"}],"replies":[{"embeddable":true,"href":"https:\/\/www.europesays.com\/ee\/wp-json\/wp\/v2\/comments?post=184777"}],"version-history":[{"count":0,"href":"https:\/\/www.europesays.com\/ee\/wp-json\/wp\/v2\/posts\/184777\/revisions"}],"wp:featuredmedia":[{"embeddable":true,"href":"https:\/\/www.europesays.com\/ee\/wp-json\/wp\/v2\/media\/184778"}],"wp:attachment":[{"href":"https:\/\/www.europesays.com\/ee\/wp-json\/wp\/v2\/media?parent=184777"}],"wp:term":[{"taxonomy":"category","embeddable":true,"href":"https:\/\/www.europesays.com\/ee\/wp-json\/wp\/v2\/categories?post=184777"},{"taxonomy":"post_tag","embeddable":true,"href":"https:\/\/www.europesays.com\/ee\/wp-json\/wp\/v2\/tags?post=184777"}],"curies":[{"name":"wp","href":"https:\/\/api.w.org\/{rel}","templated":true}]}}