{"id":184841,"date":"2026-05-22T21:20:12","date_gmt":"2026-05-22T21:20:12","guid":{"rendered":"https:\/\/www.europesays.com\/ee\/184841\/"},"modified":"2026-05-22T21:20:12","modified_gmt":"2026-05-22T21:20:12","slug":"fiorentina-lopetas-kehva-liigahooaja-omavaravaga-soccernet-ee","status":"publish","type":"post","link":"https:\/\/www.europesays.com\/ee\/184841\/","title":{"rendered":"Fiorentina l\u00f5petas kehva liigahooaja omav\u00e4ravaga &#8211; Soccernet.ee"},"content":{"rendered":"<p><img decoding=\"async\" src=\"https:\/\/www.europesays.com\/ee\/wp-content\/uploads\/2026\/05\/1779483246.jpg\" alt=\"Pietro Comuzzo. Foto: Scanpix \/ Marco Iacobucci \/ SOPA Images via ZUMA Press Wire\"\/>&#13;\n<\/p>\n<p>UEFA Konverentsiliigas veerandfinaali j\u00f5udnud Fiorentina t\u00e4navune Itaalia Serie A hooaeg oli nukker. Viimase liigam\u00e4ngu Atalanta vastu l\u00f5petas Firenze meeskond omav\u00e4ravaga ja pidi leppima 1:1 viigiga.<\/p>\n<p>Novembris eelmise peatreeneri Stefano Pioli vallandamise ajal paiknes Fiorentina lausa k\u00f5ige viimasel tabelireal. Hiljem on\u00a0Paolo Vanoli k\u00e4e all tiimi tulemused k\u00fcll paranenud, aga t\u00e4nane viik paigutab meeskonna siiski tagasihoidlikule 14. kohale, kusjuures nii Genoal kui ka Cagliaril on v\u00f5imalik veel Fiorentinast m\u00f6\u00f6duda, kuna \u00fclej\u00e4\u00e4nud Serie A viimase vooru kohtumised peetakse laup\u00e4eval ja p\u00fchap\u00e4eval.&#13;\n<\/p>\n<p>Atalanta jaoks oli juba enne viimast m\u00e4ngu selge, et Bergamo sats l\u00f5petab seitsmendal positsioonil, mis annab pileti j\u00e4rgmiseks hooajaks Konverentsiliigasse.&#13;\n<\/p>\n<p>Fiorentina l\u00e4ks t\u00e4nast kohtumist juhtima 39. minutil. Marco Brescianini andis kontrar\u00fcnnakul s\u00f6\u00f6du Roberto Piccolile, kes m\u00e4ngis end karistusalas l\u00f6\u00f6gile. Kuigi Piccoli l\u00f6\u00f6k ei tundunud v\u00e4ga ohtlik, ei saanud puurivaht\u00a0Marco Sportiello selle esinurgast kahjutuks tegemisega hakkama, vaid t\u00f5rjus palli postip\u00f5rke kaudu enda v\u00e4ravasse.<\/p>\n<p>Eelviimases voorus 2:0 v\u00f5iduga Juventust \u0161okeerinud Fiorentina ei suutnud teist j\u00e4rjestikust kuiva v\u00f5itu v\u00f5tta, sest Pietro Comuzzo l\u00f5i 82. minutil Davide Zappacosta madalast tsenderdusest omav\u00e4rava.&#13;<\/p>\n","protected":false},"excerpt":{"rendered":"&#13; UEFA Konverentsiliigas veerandfinaali j\u00f5udnud Fiorentina t\u00e4navune Itaalia Serie A hooaeg oli nukker. Viimase liigam\u00e4ngu Atalanta vastu l\u00f5petas&hellip;\n","protected":false},"author":2,"featured_media":184842,"comment_status":"","ping_status":"","sticky":false,"template":"","format":"standard","meta":{"footnotes":"","_share_on_mastodon":"0"},"categories":[18],"tags":[1816,54422,37,33,35,34,36,1819,1541,81076,1082,159,158],"class_list":["post-184841","post","type-post","status-publish","format-standard","has-post-thumbnail","category-sport","tag-atalanta","tag-bergamo-atalanta","tag-ee","tag-eesti","tag-eesti-keel","tag-estonia","tag-estonian","tag-fiorentina","tag-itaalia-korgliiga","tag-roberto-piccoli","tag-serie-a","tag-sport","tag-sports"],"share_on_mastodon":{"url":"https:\/\/pubeurope.com\/@ee\/116620323947483630","error":""},"_links":{"self":[{"href":"https:\/\/www.europesays.com\/ee\/wp-json\/wp\/v2\/posts\/184841","targetHints":{"allow":["GET"]}}],"collection":[{"href":"https:\/\/www.europesays.com\/ee\/wp-json\/wp\/v2\/posts"}],"about":[{"href":"https:\/\/www.europesays.com\/ee\/wp-json\/wp\/v2\/types\/post"}],"author":[{"embeddable":true,"href":"https:\/\/www.europesays.com\/ee\/wp-json\/wp\/v2\/users\/2"}],"replies":[{"embeddable":true,"href":"https:\/\/www.europesays.com\/ee\/wp-json\/wp\/v2\/comments?post=184841"}],"version-history":[{"count":0,"href":"https:\/\/www.europesays.com\/ee\/wp-json\/wp\/v2\/posts\/184841\/revisions"}],"wp:featuredmedia":[{"embeddable":true,"href":"https:\/\/www.europesays.com\/ee\/wp-json\/wp\/v2\/media\/184842"}],"wp:attachment":[{"href":"https:\/\/www.europesays.com\/ee\/wp-json\/wp\/v2\/media?parent=184841"}],"wp:term":[{"taxonomy":"category","embeddable":true,"href":"https:\/\/www.europesays.com\/ee\/wp-json\/wp\/v2\/categories?post=184841"},{"taxonomy":"post_tag","embeddable":true,"href":"https:\/\/www.europesays.com\/ee\/wp-json\/wp\/v2\/tags?post=184841"}],"curies":[{"name":"wp","href":"https:\/\/api.w.org\/{rel}","templated":true}]}}