{"id":184949,"date":"2026-05-23T03:16:41","date_gmt":"2026-05-23T03:16:41","guid":{"rendered":"https:\/\/www.europesays.com\/ee\/184949\/"},"modified":"2026-05-23T03:16:41","modified_gmt":"2026-05-23T03:16:41","slug":"kilk-kaotas-seitse-aastat-kestnud-kohtuvaidluse-luigega-3","status":"publish","type":"post","link":"https:\/\/www.europesays.com\/ee\/184949\/","title":{"rendered":"Kilk kaotas seitse aastat kestnud kohtuvaidluse Luigega"},"content":{"rendered":"<p>Kilk p\u00f6\u00f6rdus Harju maakohtusse 2019. aasta mai l\u00f5pus eba\u00f5igete faktiv\u00e4idete \u00fcmberl\u00fckkamiseks ja mittevaralise kahju h\u00fcvitamiseks.<\/p>\n<p>\u00c4rimees soovis kohustada Luike esitama meediav\u00e4ljaannetele avalduse ning vajaduse korral kandma k\u00f5ik kulud selleks, et hiljemalt 10 p\u00e4eva jooksul alates kohtuotsuse j\u00f5ustumisest ilmuks \u00c4rip\u00e4evas ning Postimehes v\u00e4hemalt viiel j\u00e4rjestikusel p\u00e4eval selgelt loetaval kujul teade, mille pealkiri oleks \u201eRaamat \u201eKaval Kilk ja kaksteist lolli\u201c tugineb valev\u00e4idetele\u201c ning mille sisus oleks kirjas, et Hans H. Luik avaldas Kilgi kohta valesid faktiv\u00e4iteid.<\/p>\n<p>Kuidas see lugu Sind end tundma pani? Saada <a href=\"https:\/\/arileht.delfi.ee\/a\/120585408\/kilk-kaotas-seitse-aastat-kestnud-kohtuvaidluse-luigega\/kommentaarid\" class=\"article-body-bottom__comment article-body-bottom__comment--write button button--primary button--size-auto\" rel=\"nofollow noopener\" target=\"_blank\"> Kommenteeri <\/a><a href=\"https:\/\/arileht.delfi.ee\/a\/120585408\/kilk-kaotas-seitse-aastat-kestnud-kohtuvaidluse-luigega\/kommentaarid\" class=\"article-body-bottom__comment article-body-bottom__comment--read button button--size-auto\" rel=\"nofollow noopener\" target=\"_blank\"> Loe kommentaare (11)<\/a><\/p>\n","protected":false},"excerpt":{"rendered":"Kilk p\u00f6\u00f6rdus Harju maakohtusse 2019. aasta mai l\u00f5pus eba\u00f5igete faktiv\u00e4idete \u00fcmberl\u00fckkamiseks ja mittevaralise kahju h\u00fcvitamiseks. \u00c4rimees soovis kohustada&hellip;\n","protected":false},"author":2,"featured_media":109321,"comment_status":"","ping_status":"","sticky":false,"template":"","format":"standard","meta":{"footnotes":"","_share_on_mastodon":"0"},"categories":[12],"tags":[26,27,37,33,35,5674,34,36,31,32,17438,21,28,29,19,25,1420,23,24,22,20,30],"class_list":["post-184949","post","type-post","status-publish","format-standard","has-post-thumbnail","category-eesti","tag-breaking-news","tag-breakingnews","tag-ee","tag-eesti","tag-eesti-keel","tag-ekspress-grupp","tag-estonia","tag-estonian","tag-featured-news","tag-featurednews","tag-hans-h-luik","tag-headlines","tag-latest-news","tag-latestnews","tag-news","tag-populaarseimad-lood","tag-rein-kilk","tag-top-stories","tag-topstories","tag-uldised-uudised","tag-uudised","tag-viimased-uudised"],"share_on_mastodon":{"url":"https:\/\/pubeurope.com\/@ee\/116621723975180085","error":""},"_links":{"self":[{"href":"https:\/\/www.europesays.com\/ee\/wp-json\/wp\/v2\/posts\/184949","targetHints":{"allow":["GET"]}}],"collection":[{"href":"https:\/\/www.europesays.com\/ee\/wp-json\/wp\/v2\/posts"}],"about":[{"href":"https:\/\/www.europesays.com\/ee\/wp-json\/wp\/v2\/types\/post"}],"author":[{"embeddable":true,"href":"https:\/\/www.europesays.com\/ee\/wp-json\/wp\/v2\/users\/2"}],"replies":[{"embeddable":true,"href":"https:\/\/www.europesays.com\/ee\/wp-json\/wp\/v2\/comments?post=184949"}],"version-history":[{"count":0,"href":"https:\/\/www.europesays.com\/ee\/wp-json\/wp\/v2\/posts\/184949\/revisions"}],"wp:featuredmedia":[{"embeddable":true,"href":"https:\/\/www.europesays.com\/ee\/wp-json\/wp\/v2\/media\/109321"}],"wp:attachment":[{"href":"https:\/\/www.europesays.com\/ee\/wp-json\/wp\/v2\/media?parent=184949"}],"wp:term":[{"taxonomy":"category","embeddable":true,"href":"https:\/\/www.europesays.com\/ee\/wp-json\/wp\/v2\/categories?post=184949"},{"taxonomy":"post_tag","embeddable":true,"href":"https:\/\/www.europesays.com\/ee\/wp-json\/wp\/v2\/tags?post=184949"}],"curies":[{"name":"wp","href":"https:\/\/api.w.org\/{rel}","templated":true}]}}