{"id":185007,"date":"2026-05-23T06:08:11","date_gmt":"2026-05-23T06:08:11","guid":{"rendered":"https:\/\/www.europesays.com\/ee\/185007\/"},"modified":"2026-05-23T06:08:11","modified_gmt":"2026-05-23T06:08:11","slug":"sutlepa-tuulik-sai-uue-laba","status":"publish","type":"post","link":"https:\/\/www.europesays.com\/ee\/185007\/","title":{"rendered":"Sutlepa tuulik sai uue laba"},"content":{"rendered":"<p>            <a href=\"https:\/\/online.le.ee\/wp-content\/uploads\/2026\/05\/Sutlepa-tuulik-Noarootsi-FB.jpg\" data-caption=\"\" rel=\"nofollow noopener\" target=\"_blank\"><img loading=\"lazy\" width=\"696\" height=\"522\" class=\"entry-thumb td-modal-image lazyload\" alt=\"\" title=\"Sutlepa tuulik Noarootsi FB\" src=\"https:\/\/www.europesays.com\/ee\/wp-content\/uploads\/2026\/05\/Sutlepa-tuulik-Noarootsi-FB-696x522.jpg\" decoding=\"async\"  data- data-eio-rwidth=\"696\" data-eio-rheight=\"522\"\/><\/a><\/p>\n<p> Foto Noarootsi Facebook<\/p>\n<p>Kohalik omavalitsus lasi v\u00e4lja vahetada Sutlepa tuuliku laba, mille torm mullu hiliss\u00fcgisel pooleks murdis ja minema viis.<\/p>\n<p>Labavahetus l\u00e4ks maksma 800 eurot.<\/p>\n<p>L\u00e4\u00e4ne-Nigula abivallavanema Neeme Suure s\u00f5nul oli see juba kolmas laba, mis tuli v\u00e4lja vahetada. \u201eTuule k\u00e4es l\u00e4ksid katki. See on ju ikkagi tuulik,\u201d m\u00e4rkis Suur. Neljas laba on seni p\u00fcsinud. \u201eTegelikult vajaks uuenduskuuri terve tuulik,\u201d \u00fctles Suur.<\/p>\n<p>Artikkel j\u00e4tkub peale reklaami<img loading=\"lazy\" decoding=\"async\" class=\"aligncenter size-full wp-image-387649\" src=\"https:\/\/www.europesays.com\/ee\/wp-content\/uploads\/2026\/05\/1779515828_329_tasuline.png\" alt=\"\" width=\"688\" height=\"101\" data-eio=\"l\"\/><\/a><\/p>\n<p>Reklaam<\/p>\n","protected":false},"excerpt":{"rendered":"Foto Noarootsi Facebook Kohalik omavalitsus lasi v\u00e4lja vahetada Sutlepa tuuliku laba, mille torm mullu hiliss\u00fcgisel pooleks murdis ja&hellip;\n","protected":false},"author":2,"featured_media":185008,"comment_status":"","ping_status":"","sticky":false,"template":"","format":"standard","meta":{"footnotes":"","_share_on_mastodon":"0"},"categories":[16],"tags":[37,33,35,173,34,36,140,81090,3269],"class_list":["post-185007","post","type-post","status-publish","format-standard","has-post-thumbnail","category-meelelahutus","tag-ee","tag-eesti","tag-eesti-keel","tag-entertainment","tag-estonia","tag-estonian","tag-meelelahutus","tag-sutlepa","tag-tuulikud"],"share_on_mastodon":{"url":"https:\/\/pubeurope.com\/@ee\/116622400401822372","error":""},"_links":{"self":[{"href":"https:\/\/www.europesays.com\/ee\/wp-json\/wp\/v2\/posts\/185007","targetHints":{"allow":["GET"]}}],"collection":[{"href":"https:\/\/www.europesays.com\/ee\/wp-json\/wp\/v2\/posts"}],"about":[{"href":"https:\/\/www.europesays.com\/ee\/wp-json\/wp\/v2\/types\/post"}],"author":[{"embeddable":true,"href":"https:\/\/www.europesays.com\/ee\/wp-json\/wp\/v2\/users\/2"}],"replies":[{"embeddable":true,"href":"https:\/\/www.europesays.com\/ee\/wp-json\/wp\/v2\/comments?post=185007"}],"version-history":[{"count":0,"href":"https:\/\/www.europesays.com\/ee\/wp-json\/wp\/v2\/posts\/185007\/revisions"}],"wp:featuredmedia":[{"embeddable":true,"href":"https:\/\/www.europesays.com\/ee\/wp-json\/wp\/v2\/media\/185008"}],"wp:attachment":[{"href":"https:\/\/www.europesays.com\/ee\/wp-json\/wp\/v2\/media?parent=185007"}],"wp:term":[{"taxonomy":"category","embeddable":true,"href":"https:\/\/www.europesays.com\/ee\/wp-json\/wp\/v2\/categories?post=185007"},{"taxonomy":"post_tag","embeddable":true,"href":"https:\/\/www.europesays.com\/ee\/wp-json\/wp\/v2\/tags?post=185007"}],"curies":[{"name":"wp","href":"https:\/\/api.w.org\/{rel}","templated":true}]}}