{"id":185033,"date":"2026-05-23T07:15:13","date_gmt":"2026-05-23T07:15:13","guid":{"rendered":"https:\/\/www.europesays.com\/ee\/185033\/"},"modified":"2026-05-23T07:15:13","modified_gmt":"2026-05-23T07:15:13","slug":"karjaari-poolas-lopetanud-maailmameister-riputas-40-aastaselt-putsad-varna-soccernet-ee","status":"publish","type":"post","link":"https:\/\/www.europesays.com\/ee\/185033\/","title":{"rendered":"Karj\u00e4\u00e4ri Poolas l\u00f5petanud maailmameister riputas 40-aastaselt putsad varna &#8211; Soccernet.ee"},"content":{"rendered":"<p><img decoding=\"async\" src=\"https:\/\/www.europesays.com\/ee\/wp-content\/uploads\/2026\/05\/1779483321.jpg\" alt=\"Lukas Podolski t\u00f5mbas karj\u00e4\u00e4rile kriipsu peale. Foto: Scanpix \/ Arena Akcji \/ picture alliance \/ BEAUTIFUL SPORTS\"\/>&#13;\n<\/p>\n<p>2014. aastal Saksamaa vutikoondise ridades maailmameistriks kroonitud Lukas Podolski teatas, et l\u00f5petab 40-aastaselt karj\u00e4\u00e4ri.<\/p>\n<p>P\u00e4rast maailma tippliigadest k\u00f5rvale astumist 2015. aastal pallis Podolski T\u00fcrgis ja Jaapanis, misj\u00e4rel siirdus ta Poola k\u00f5rgliigasse, kus ta esindas Zabrze Gornikut. Karj\u00e4\u00e4ri l\u00f5petamise tegi ta avalikuks reedel ehk p\u00e4ev p\u00e4rast seda, kui sai avalikuks, et temast saab oma lapsep\u00f5lveklubi Gorniku enamusomanik.\u00a0&#13;\n<\/p>\n<p>Oma karj\u00e4\u00e4rile puhus vasakujalgne r\u00fcndaja elu sisse Saksamaal FC K\u00f6lnis, kelle noorteakadeemiast ta esindusmeeskonna m\u00e4ngijaks sirgus. K\u00f6lni eest jooksis Podolski v\u00e4ljakule 181 Bundesliga kohtumises ja l\u00f5i 79 v\u00e4ravat. V\u00f5imas statistika t\u00f5i Podolskile 2006. aastal \u00fclemineku ka Saksamaa hiiu M\u00fcncheni Bayerni ridadesse, kelle eest ta l\u00f5i 71 liigam\u00e4nguga 15 v\u00e4ravat.\u00a0&#13;\n<\/p>\n<p>Kolme aasta m\u00f6\u00f6dudes naasis ta siiski K\u00f6lni. Hiljem m\u00e4ngis Podolski veel Arsenalis, Milano Interis, Galatasarays, Vissel Kobes ja Antalyasporis.\u00a0<\/p>\n<p>Saksamaa koondislaste arvestuses hoiab Podolski m\u00e4ngude arvu poolest (130) neljandat kohta. Ta j\u00e4\u00e4b maha vaid Lothar Matth\u00e4usist (150), Miroslav Klosest (137) ja Thomas M\u00fcllerist (131). Koondisekarj\u00e4\u00e4ri jooksul sahistas Poolas s\u00fcndinud m\u00e4ngumees v\u00f5rku 49, millega hoiab ta v\u00e4ravate arvestuses kolmandat kohta.\u00a0\u00a0&#13;\n<\/p>\n<blockquote class=\"instagram-media\" data-instgrm-captioned=\"\" data-instgrm-permalink=\"https:\/\/www.instagram.com\/reel\/DYpXWYXNwfe\/?utm_source=ig_embed&amp;utm_campaign=loading\" data-instgrm-version=\"14\" style=\" background:#FFF; border:0; border-radius:3px; box-shadow:0 0 1px 0 rgba(0,0,0,0.5),0 1px 10px 0 rgba(0,0,0,0.15); margin: 1px; max-width:540px; min-width:326px; padding:0; width:99.375%; width:-webkit-calc(100% - 2px); width:calc(100% - 2px);\"><p>&#13;<br \/>\n&#13;\n<\/p><\/blockquote>\n<p>          <script async src=\"\/\/www.instagram.com\/embed.js\"><\/script><\/p>\n","protected":false},"excerpt":{"rendered":"&#13; 2014. aastal Saksamaa vutikoondise ridades maailmameistriks kroonitud Lukas Podolski teatas, et l\u00f5petab 40-aastaselt karj\u00e4\u00e4ri. P\u00e4rast maailma tippliigadest&hellip;\n","protected":false},"author":2,"featured_media":185034,"comment_status":"","ping_status":"","sticky":false,"template":"","format":"standard","meta":{"footnotes":"","_share_on_mastodon":"0"},"categories":[18],"tags":[525,37,33,35,34,36,1158,81095,6575,1159,81096,1811,6714,538,81097,51,159,158],"class_list":["post-185033","post","type-post","status-publish","format-standard","has-post-thumbnail","category-sport","tag-bayern","tag-ee","tag-eesti","tag-eesti-keel","tag-estonia","tag-estonian","tag-fc-koln","tag-gornik-zabrze","tag-inter-milan","tag-koln","tag-lukas-podolski","tag-milano-inter","tag-munchen","tag-muncheni-bayern","tag-podolski","tag-saksamaa","tag-sport","tag-sports"],"share_on_mastodon":{"url":"https:\/\/pubeurope.com\/@ee\/116622663833234690","error":""},"_links":{"self":[{"href":"https:\/\/www.europesays.com\/ee\/wp-json\/wp\/v2\/posts\/185033","targetHints":{"allow":["GET"]}}],"collection":[{"href":"https:\/\/www.europesays.com\/ee\/wp-json\/wp\/v2\/posts"}],"about":[{"href":"https:\/\/www.europesays.com\/ee\/wp-json\/wp\/v2\/types\/post"}],"author":[{"embeddable":true,"href":"https:\/\/www.europesays.com\/ee\/wp-json\/wp\/v2\/users\/2"}],"replies":[{"embeddable":true,"href":"https:\/\/www.europesays.com\/ee\/wp-json\/wp\/v2\/comments?post=185033"}],"version-history":[{"count":0,"href":"https:\/\/www.europesays.com\/ee\/wp-json\/wp\/v2\/posts\/185033\/revisions"}],"wp:featuredmedia":[{"embeddable":true,"href":"https:\/\/www.europesays.com\/ee\/wp-json\/wp\/v2\/media\/185034"}],"wp:attachment":[{"href":"https:\/\/www.europesays.com\/ee\/wp-json\/wp\/v2\/media?parent=185033"}],"wp:term":[{"taxonomy":"category","embeddable":true,"href":"https:\/\/www.europesays.com\/ee\/wp-json\/wp\/v2\/categories?post=185033"},{"taxonomy":"post_tag","embeddable":true,"href":"https:\/\/www.europesays.com\/ee\/wp-json\/wp\/v2\/tags?post=185033"}],"curies":[{"name":"wp","href":"https:\/\/api.w.org\/{rel}","templated":true}]}}