{"id":185084,"date":"2026-05-23T08:55:10","date_gmt":"2026-05-23T08:55:10","guid":{"rendered":"https:\/\/www.europesays.com\/ee\/185084\/"},"modified":"2026-05-23T08:55:10","modified_gmt":"2026-05-23T08:55:10","slug":"ametlik-karl-jakob-hein-on-bremeni-werderi-esikinnas-soccernet-ee","status":"publish","type":"post","link":"https:\/\/www.europesays.com\/ee\/185084\/","title":{"rendered":"Ametlik: Karl Jakob Hein on Bremeni Werderi esikinnas! &#8211; Soccernet.ee"},"content":{"rendered":"<p><img decoding=\"async\" src=\"https:\/\/www.europesays.com\/ee\/wp-content\/uploads\/2026\/05\/1779526510_850_1779431623.jpg\" alt=\"Karl Jakob Hein. Foto: Scanpix \/ Markus Fischer \/ picture alliance\"\/>&#13;\n<\/p>\n<p>Inglismaa meister Arsenal teatas, et Eesti koondise esikinnas Karl Jakob Hein liigub p\u00fcsiva \u00fclemineku alusel Bremeni Werderisse, kus ta t\u00e4navu laenulepingu alusel viibis. Lisaks sellele s\u00f5lmis seni Werderi esikindaid kandnud Mio Backhaus lepingu Freiburgiga. <\/p>\n<p>&#8220;T\u00e4name Karli tema panuse eest klubisse ning soovime talle Werder Bremenis algavaks uueks peat\u00fckiks k\u00f5ike paremat,&#8221; seisis Arsenali ametlikus teates. Bremeni klubi aktiveeris Heina lepingus olnud klausli ning soetas ta Inglismaa valitseva meistri k\u00e4est kolme miljoni euro eest.\u00a0&#13;\n<\/p>\n<p>Lisaks sellele lahkus klubist ka senine esikinnas Backhaus, mis t\u00e4hendab, et uueks esiv\u00e4ravavahiks on eestlane. Werderi tegemisi p\u00f5hjalikult kajastava v\u00e4ljaande DeichStube info kohaselt teenib Werder tehinguga ligikaudu 15 miljonit eurot. Backhaus s\u00f5lmis Euroopa liiga finaalis 0:3 Aston Villale kaotanud Freiburgiga lepingu 2031. aastani. \u00dchtlasi oli tehing Freiburgi ajaloo suurim v\u00e4ljaminek.\u00a0&#13;\n<\/p>\n<p>Uudis on t\u00e4iendamisel.\u00a0<\/p>\n<blockquote class=\"instagram-media\" data-instgrm-captioned=\"\" data-instgrm-permalink=\"https:\/\/www.instagram.com\/p\/DYrI3SZsbZf\/?utm_source=ig_embed&amp;utm_campaign=loading\" data-instgrm-version=\"14\" style=\" background:#FFF; border:0; border-radius:3px; box-shadow:0 0 1px 0 rgba(0,0,0,0.5),0 1px 10px 0 rgba(0,0,0,0.15); margin: 1px; max-width:540px; min-width:326px; padding:0; width:99.375%; width:-webkit-calc(100% - 2px); width:calc(100% - 2px);\"><p>&#13;<br \/>\n&#13;\n<\/p><\/blockquote>\n<p>          <script async src=\"\/\/www.instagram.com\/embed.js\"><\/script><\/p>\n","protected":false},"excerpt":{"rendered":"&#13; Inglismaa meister Arsenal teatas, et Eesti koondise esikinnas Karl Jakob Hein liigub p\u00fcsiva \u00fclemineku alusel Bremeni Werderisse,&hellip;\n","protected":false},"author":2,"featured_media":185085,"comment_status":"","ping_status":"","sticky":false,"template":"","format":"standard","meta":{"footnotes":"","_share_on_mastodon":"0"},"categories":[18],"tags":[1610,526,37,33,35,34,36,532,536,3910,159,158],"class_list":["post-185084","post","type-post","status-publish","format-standard","has-post-thumbnail","category-sport","tag-arsenal","tag-bremeni-werder","tag-ee","tag-eesti","tag-eesti-keel","tag-estonia","tag-estonian","tag-hein","tag-karl-jakob-hein","tag-mio-backhaus","tag-sport","tag-sports"],"share_on_mastodon":{"url":"https:\/\/pubeurope.com\/@ee\/116623057173619565","error":""},"_links":{"self":[{"href":"https:\/\/www.europesays.com\/ee\/wp-json\/wp\/v2\/posts\/185084","targetHints":{"allow":["GET"]}}],"collection":[{"href":"https:\/\/www.europesays.com\/ee\/wp-json\/wp\/v2\/posts"}],"about":[{"href":"https:\/\/www.europesays.com\/ee\/wp-json\/wp\/v2\/types\/post"}],"author":[{"embeddable":true,"href":"https:\/\/www.europesays.com\/ee\/wp-json\/wp\/v2\/users\/2"}],"replies":[{"embeddable":true,"href":"https:\/\/www.europesays.com\/ee\/wp-json\/wp\/v2\/comments?post=185084"}],"version-history":[{"count":0,"href":"https:\/\/www.europesays.com\/ee\/wp-json\/wp\/v2\/posts\/185084\/revisions"}],"wp:featuredmedia":[{"embeddable":true,"href":"https:\/\/www.europesays.com\/ee\/wp-json\/wp\/v2\/media\/185085"}],"wp:attachment":[{"href":"https:\/\/www.europesays.com\/ee\/wp-json\/wp\/v2\/media?parent=185084"}],"wp:term":[{"taxonomy":"category","embeddable":true,"href":"https:\/\/www.europesays.com\/ee\/wp-json\/wp\/v2\/categories?post=185084"},{"taxonomy":"post_tag","embeddable":true,"href":"https:\/\/www.europesays.com\/ee\/wp-json\/wp\/v2\/tags?post=185084"}],"curies":[{"name":"wp","href":"https:\/\/api.w.org\/{rel}","templated":true}]}}