{"id":185103,"date":"2026-05-23T09:17:10","date_gmt":"2026-05-23T09:17:10","guid":{"rendered":"https:\/\/www.europesays.com\/ee\/185103\/"},"modified":"2026-05-23T09:17:10","modified_gmt":"2026-05-23T09:17:10","slug":"kas-tottenham-jaab-korgliigasse-pusima-moyes-tahaksin-vaga-aidata-west-hamil-pusima-jaada-soccernet-ee","status":"publish","type":"post","link":"https:\/\/www.europesays.com\/ee\/185103\/","title":{"rendered":"Kas Tottenham j\u00e4\u00e4b k\u00f5rgliigasse p\u00fcsima? Moyes: tahaksin v\u00e4ga aidata West Hamil p\u00fcsima j\u00e4\u00e4da &#8211; Soccernet.ee"},"content":{"rendered":"<p><img decoding=\"async\" src=\"https:\/\/www.europesays.com\/ee\/wp-content\/uploads\/2026\/05\/1779522458.jpg\" alt=\"David Moyes. Foto: Scanpix \/ Daniel Weir \/ Sports Press \/ ZUMAPRESS.com\"\/>&#13;\n<\/p>\n<p>Evertoni peatreener David Moyes tunnistas enne Inglismaa k\u00f5rgliiga viimase vooru kohtumist, et sooviks oma endisel koduklubil West Hamil aidata k\u00f5rgliigasse p\u00fcsima j\u00e4\u00e4da. Seda saaks ta teha juhul, kui tema hoolealused alistaks Tottenham Hotspuri.\u00a0<\/p>\n<p>Moyesi juhendatav Everton on sel hooajal v\u00f5\u00f5rsil head minekut n\u00e4idanud. V\u00f5it Tottenhami \u00fcle annaks suure t\u00f5uke West Hami p\u00fcsimaj\u00e4\u00e4mislootusele, ent Nuno Espirito Santo juhendatav meeskond peaks p\u00e4\u00e4semise nimel alistama ka Leeds Unitedi. &#8220;Ma tahaksin v\u00e4ga aidata West Hamil liigasse p\u00fcsima j\u00e4\u00e4da,&#8221; \u00fctles Moyes m\u00e4ngueelsel pressikonverentsil Briti meediale.\u00a0&#13;\n<\/p>\n<p>&#8220;Aga t\u00e4htsam on see, et l\u00f5petaksime Evertoniga hooaja tabeli \u00fclemises pooles ning teeniksime sellega veel m\u00f5ned miljonid, mis on v\u00e4ga oluline,&#8221; j\u00e4tkas Moyes, kelle koduklubi paikneb viimase vooru eel 12. kohal. V\u00f5idu ja vastaste ebaedu korral oleks neil v\u00f5imalik t\u00f5usta \u00fcheksandale reale.\u00a0&#13;\n<\/p>\n<p>Moyes kutsus \u00fcles ka klubi omanikke Friedkin Groupi suvisel \u00fcleminekuaknal Evertoni tegemisi rohkem toetama, sest viimastel aastatel p\u00fcsimaj\u00e4\u00e4mise nimel v\u00f5idelnud klubi on t\u00e4navu kindlustanud koha liigatabeli keskosas. &#8220;Tean, et Evertoni f\u00e4nnidel on olnud liiga palju halbu p\u00e4evi. See hooaeg t\u00f5i natuke helgust ning n\u00fc\u00fcd peame selle peale edasi ehitama. Olen igal pressikonverentsil \u00f6elnud, et l\u00e4hme ja proovime Euroopasse j\u00f5uda,&#8221; pajatas Moyes.\u00a0<\/p>\n<p>Loots usub, et omanikud toetavad klubi suvisel \u00fcleminekuaknal. &#8220;Mul on kindlus, et meid toetatakse j\u00e4rgmise puslet\u00fcki leidmisel. Me ei ole klubi, kes kulutab 200\u2013300 miljonit. Peame nutikalt tegutsema ja lootma, et teeme \u00f5iged valikud,&#8221; l\u00f5petas peatreener.\u00a0&#13;<\/p>\n","protected":false},"excerpt":{"rendered":"&#13; Evertoni peatreener David Moyes tunnistas enne Inglismaa k\u00f5rgliiga viimase vooru kohtumist, et sooviks oma endisel koduklubil West&hellip;\n","protected":false},"author":2,"featured_media":185104,"comment_status":"","ping_status":"","sticky":false,"template":"","format":"standard","meta":{"footnotes":"","_share_on_mastodon":"0"},"categories":[18],"tags":[25573,37,33,35,34,36,802,1101,1102,81116,159,158,1110,6431,1111],"class_list":["post-185103","post","type-post","status-publish","format-standard","has-post-thumbnail","category-sport","tag-david-moyes","tag-ee","tag-eesti","tag-eesti-keel","tag-estonia","tag-estonian","tag-everton","tag-inglismaa","tag-leeds","tag-moyes","tag-sport","tag-sports","tag-tottenham","tag-tottenham-hotspur","tag-west-ham"],"share_on_mastodon":{"url":"https:\/\/pubeurope.com\/@ee\/116623143742204962","error":""},"_links":{"self":[{"href":"https:\/\/www.europesays.com\/ee\/wp-json\/wp\/v2\/posts\/185103","targetHints":{"allow":["GET"]}}],"collection":[{"href":"https:\/\/www.europesays.com\/ee\/wp-json\/wp\/v2\/posts"}],"about":[{"href":"https:\/\/www.europesays.com\/ee\/wp-json\/wp\/v2\/types\/post"}],"author":[{"embeddable":true,"href":"https:\/\/www.europesays.com\/ee\/wp-json\/wp\/v2\/users\/2"}],"replies":[{"embeddable":true,"href":"https:\/\/www.europesays.com\/ee\/wp-json\/wp\/v2\/comments?post=185103"}],"version-history":[{"count":0,"href":"https:\/\/www.europesays.com\/ee\/wp-json\/wp\/v2\/posts\/185103\/revisions"}],"wp:featuredmedia":[{"embeddable":true,"href":"https:\/\/www.europesays.com\/ee\/wp-json\/wp\/v2\/media\/185104"}],"wp:attachment":[{"href":"https:\/\/www.europesays.com\/ee\/wp-json\/wp\/v2\/media?parent=185103"}],"wp:term":[{"taxonomy":"category","embeddable":true,"href":"https:\/\/www.europesays.com\/ee\/wp-json\/wp\/v2\/categories?post=185103"},{"taxonomy":"post_tag","embeddable":true,"href":"https:\/\/www.europesays.com\/ee\/wp-json\/wp\/v2\/tags?post=185103"}],"curies":[{"name":"wp","href":"https:\/\/api.w.org\/{rel}","templated":true}]}}