{"id":185245,"date":"2026-05-23T12:59:22","date_gmt":"2026-05-23T12:59:22","guid":{"rendered":"https:\/\/www.europesays.com\/ee\/185245\/"},"modified":"2026-05-23T12:59:22","modified_gmt":"2026-05-23T12:59:22","slug":"eriline-atmosfaar-voi-sportlik-stabiilsus-henn-kui-tahame-36-sekka-murda-peame-tostma-igapaevast-taset-klubijalgpallis-soccernet-ee","status":"publish","type":"post","link":"https:\/\/www.europesays.com\/ee\/185245\/","title":{"rendered":"Eriline atmosf\u00e4\u00e4r v\u00f5i sportlik stabiilsus? Henn: kui tahame 36 sekka murda, peame t\u00f5stma igap\u00e4evast taset klubijalgpallis &#8211; Soccernet.ee"},"content":{"rendered":"<p><img decoding=\"async\" src=\"https:\/\/www.europesays.com\/ee\/wp-content\/uploads\/2026\/05\/1774812865.jpg\" alt=\"Eesti koondise peatreener J\u00fcrgen Henn. Foto: Liisi Troska \/ jalgpall.ee\"\/>&#13;\n<\/p>\n<p>P\u00e4rast 2028. aasta EM-i m\u00e4ngivad ka meeste koondised valiksarju tugevusgruppides. Praeguse seisuga j\u00e4\u00e4b Eesti tummisemast supist v\u00e4lja ning suuri koondisi Lillek\u00fclas tervitada ei saaks. Peatreener J\u00fcrgen Henn vaatas otsa m\u00fcndi m\u00f5lemale poolele.<\/p>\n<p>UEFA otsustas reformida ka meeste valiksarju, viies heitluse nii EM-i kui MM-i nimel kahele tasandile. Kui naiste koondised on juba mitu aastat m\u00e4nginud kui kolmetasandilist Rahvuste liigat, siis meeste puhul l\u00f6\u00f6di punt kaheks: paremad 36 koondist pallivad omakeskis ja \u00fclej\u00e4\u00e4nud 18 teises. Kuna Eesti on praeguse seisuga 44. kohal, tuleks tulevikus suu puhtaks p\u00fchkida nii Itaaliatest kui Norradest.&#13;\n<\/p>\n<p>Eesti meeste koondise peatreener J\u00fcrgen Henn tajub UEFA muudatuse m\u00f5lemat tahku h\u00e4sti. &#8220;Peamine pluss ilmselt on see, et tulevikus m\u00e4ngitakse tasemelt v\u00f5rdsete meeskondadega, mis t\u00e4hendab v\u00f5rdsemaid ja tasav\u00e4gisemaid m\u00e4nge ja suuremat t\u00f5en\u00e4osust punkte v\u00f5tta. See loob selgema ja realistlikuma tee eduni,&#8221; arutles ta Soccernet.ee k\u00fcsimuse peale.&#13;\n<\/p>\n<p>&#8220;Miinus on kindlasti see, et v\u00e4iksemad riigid v\u00f5ivad j\u00e4\u00e4da nii-\u00f6elda oma mulli, sest puudub regulaarne v\u00f5rdlusmoment absoluutsete tippudega,&#8221; lisas ta teisest k\u00fcljest. N\u00e4iteks Henni enda ametiajal on Eesti kohtunud kahe t\u00e4navu MM-ile s\u00f5itva koondisega \u2013 Norra ja Rootsiga \u2013, aga ka napilt joone alla j\u00e4\u00e4nud Itaaliaga. Kui norrakaid \u00f5nnestus Lillek\u00fclas 0:1 peal hoida, siis teised mat\u0161id kaldusid korralikult tippvastase kasuks.<\/p>\n<p>Asi pole aga pelgalt tulemustes, kuigi see on punktim\u00e4ngude peamine eesm\u00e4rk, vaid laiemas v\u00e4\u00e4rtuses. M\u00e4letatavasti kandis Norraga peetud haarav kodum\u00e4ng koondist ja selle f\u00e4nne veel kuid, mis sest, et tabelisse l\u00e4ks kirja \u00fcmmargune null. V\u00f5i kuna Rauno Sappinenil \u00f5nnestus \u00e4ra kasutada Gianluigi Donnarumma praak, sai tippvahi kallal hiljem pisut v\u00f5tta ka m\u00f5ne\u00a0Manchester City kohtumise raames.&#13;\n<\/p>\n<p>&#8220;Iga m\u00e4ngija, treeneri ja f\u00e4nni jaoks on ju &#8220;suured m\u00e4ngud&#8221; need, mis tekitavad elevust ning toovad inimesi staadionile. Kui kaob v\u00f5imalus n\u00e4ha absoluutset tippjalgpalli ja tippm\u00e4ngijaid, siis ilmselt kaob ka t\u00fckike seda erilist atmosf\u00e4\u00e4ri, mis selliste m\u00e4ngude \u00fcmber on, ja sellest on kahju,&#8221; nentis Henn. &#8220;Teistpidi peaks kaasnema sportlik stabiilsust ka m\u00e4ngulises m\u00f5ttes, sest vastased on \u00fchetaolised ja see v\u00f5imaldab arendada kindlamat m\u00e4ngujoonist,&#8221; saab peatreener j\u00e4llegi r\u00f5\u00f5mustada ka.&#13;\n<\/p>\n<p>Selge on see, et tippkoondisega m\u00e4ngimisele lihtsalt valget lippu ei lehvitata. Henn kinnitas, et 2030. aasta MM-i valikm\u00e4ngudeks 36 parema sekka p\u00e4\u00e4semine on koondise strateegiline eesm\u00e4rk. Samas ta r\u00f5hutas, et vastutus ei lasu vaid Sinis\u00e4rkidel v\u00f5i alaliidul, aga t\u00f6\u00f6d tuleb teha igal astmel.&#13;\n<\/p>\n<p>&#8220;N\u00e4en, et see peab olema kogu Eesti jalgpalli \u00fchine pingutus. Koondise edu s\u00f5ltub otseselt meie m\u00e4ngijate individuaalsest kvaliteedist ja koduse A. Le Coq Premium liiga intensiivsusest. Kui tahame sellesse seltskonda murda, peame t\u00f5stma oma igap\u00e4evast taset klubijalgpallis \u2013 see on vundament, millele saab koondise edu rajada,&#8221; s\u00f5nas Eesti meeste koondise peatreener J\u00fcrgen Henn.<\/p>\n","protected":false},"excerpt":{"rendered":"&#13; P\u00e4rast 2028. aasta EM-i m\u00e4ngivad ka meeste koondised valiksarju tugevusgruppides. Praeguse seisuga j\u00e4\u00e4b Eesti tummisemast supist v\u00e4lja&hellip;\n","protected":false},"author":2,"featured_media":185246,"comment_status":"","ping_status":"","sticky":false,"template":"","format":"standard","meta":{"footnotes":"","_share_on_mastodon":"0"},"categories":[18],"tags":[37,33,35,5290,34,36,8054,6611,9842,159,158,1345,10401,81136],"class_list":["post-185245","post","type-post","status-publish","format-standard","has-post-thumbnail","category-sport","tag-ee","tag-eesti","tag-eesti-keel","tag-eesti-meeste-koondis","tag-estonia","tag-estonian","tag-henn","tag-jurgen-henn","tag-meeste-koondis","tag-sport","tag-sports","tag-uefa","tag-valiksari","tag-valiksarjad"],"share_on_mastodon":{"url":"https:\/\/pubeurope.com\/@ee\/116624016575463403","error":""},"_links":{"self":[{"href":"https:\/\/www.europesays.com\/ee\/wp-json\/wp\/v2\/posts\/185245","targetHints":{"allow":["GET"]}}],"collection":[{"href":"https:\/\/www.europesays.com\/ee\/wp-json\/wp\/v2\/posts"}],"about":[{"href":"https:\/\/www.europesays.com\/ee\/wp-json\/wp\/v2\/types\/post"}],"author":[{"embeddable":true,"href":"https:\/\/www.europesays.com\/ee\/wp-json\/wp\/v2\/users\/2"}],"replies":[{"embeddable":true,"href":"https:\/\/www.europesays.com\/ee\/wp-json\/wp\/v2\/comments?post=185245"}],"version-history":[{"count":0,"href":"https:\/\/www.europesays.com\/ee\/wp-json\/wp\/v2\/posts\/185245\/revisions"}],"wp:featuredmedia":[{"embeddable":true,"href":"https:\/\/www.europesays.com\/ee\/wp-json\/wp\/v2\/media\/185246"}],"wp:attachment":[{"href":"https:\/\/www.europesays.com\/ee\/wp-json\/wp\/v2\/media?parent=185245"}],"wp:term":[{"taxonomy":"category","embeddable":true,"href":"https:\/\/www.europesays.com\/ee\/wp-json\/wp\/v2\/categories?post=185245"},{"taxonomy":"post_tag","embeddable":true,"href":"https:\/\/www.europesays.com\/ee\/wp-json\/wp\/v2\/tags?post=185245"}],"curies":[{"name":"wp","href":"https:\/\/api.w.org\/{rel}","templated":true}]}}