{"id":185354,"date":"2026-05-23T15:48:42","date_gmt":"2026-05-23T15:48:42","guid":{"rendered":"https:\/\/www.europesays.com\/ee\/185354\/"},"modified":"2026-05-23T15:48:42","modified_gmt":"2026-05-23T15:48:42","slug":"kristjan-jarvan-alender-suudistab-tallinna-aga-prugihinnad-tousevad-jaatmereformi-tottu-kogu-eestis","status":"publish","type":"post","link":"https:\/\/www.europesays.com\/ee\/185354\/","title":{"rendered":"Kristjan J\u00e4rvan: Alender s\u00fc\u00fcdistab Tallinna, aga pr\u00fcgihinnad t\u00f5usevad j\u00e4\u00e4tmereformi t\u00f5ttu kogu Eestis"},"content":{"rendered":"<p class=\"Paragraph SCXW96369085 BCX0\">See v\u00e4ide on vale ja eksitav juba kasv\u00f5i seet\u00f5ttu, et pr\u00fcgiveo hinnad t\u00f5usevad 1. juulil mitte ainult Tallinnas, vaid terves Eestis. P\u00f5hjuseks on siin ilmselgelt see, et j\u00e4\u00e4tmereformi seaduse t\u00f5ttu t\u00f5usevad 1. juulil kogu Eestis pr\u00fcgi p\u00f5letus- ja ladestustasud. Hinnat\u00f5usu suurus pole \u00fcle Eesti k\u00fcll \u00fchesugune, sest pr\u00fcgiveo hind s\u00f5ltub ka paljudest muudest asjadest peale p\u00f5letus- ja ladestustasu, n\u00e4iteks sellest, kui kaugel on p\u00f5letus- v\u00f5i ladestuskoht ehk kui kaugele on vaja pr\u00fcgi vedada. Aga sisuliselt tabab pr\u00fcgiveo hinnat\u00f5us kogu Eestit, nii et see pole sugugi ainult Tallinna probleem, nagu v\u00e4idab endine kliimaminister Yoko Alender. <\/p>\n<p class=\"Paragraph SCXW96369085 BCX0\">Tallinnas t\u00f5useb segaolmej\u00e4\u00e4tmete hind keskmiselt 63%, kuna j\u00e4\u00e4tmereformi seaduse t\u00f5ttu t\u00f5useb alates 1. juulist riiklik j\u00e4\u00e4tmete p\u00f5letus- ja ladestustasu, mis laekub riigieelarvesse.\u202f\u202f <\/p>\n<p class=\"Paragraph SCXW96369085 BCX0\"><a rel=\"noopener nofollow\" target=\"_blank\" href=\"https:\/\/www.delfi.ee\/teema\/96852674\/kliimaministeerium\" tag-id=\"96852674\">Kliimaministeerium<\/a> on ka v\u00e4itnud, et\u202fkui\u202fj\u00e4\u00e4tmeid\u202fkorrektselt liigiti koguda, ei ole hinnat\u00f5us nii suur.\u202fFakt on see, et ka pakendij\u00e4\u00e4tmeid liigiti kogudes t\u00f5useb j\u00e4\u00e4tmeveo hind, sest pakendij\u00e4\u00e4tmete t\u00fchjendamine on vabaturuteenus, mis t\u00e4hendab, et ettev\u00f5tted m\u00e4\u00e4ravad hinnakirja ise\u202fning pakendij\u00e4\u00e4tmeid ei ole v\u00f5imalik Tallinnas kellelegi \u00fcle anda k\u00f5igest 50 sendiga. Tallinna linna kalkulatsioonid n\u00e4itavad, et j\u00e4\u00e4tmeveo arve t\u00f5useks\u202f20%\u202fv\u00f5rreldes t\u00e4nasega ka juhul, kui elanikud k\u00f5ik j\u00e4\u00e4tmed korrektselt liigiti koguksid.\u202f\u202f <\/p>\n<p class=\"Paragraph SCXW96369085 BCX0\">Eksitav on ka v\u00e4ide, et omavalitsused saavad kohe pakendij\u00e4\u00e4tmed korraldatud j\u00e4\u00e4tmeveo hulka liita. Pakendij\u00e4\u00e4tmete h\u00f5lmamine eeldab riigihangete korraldamist\u202fuutes tingimustes\u202f(Tallinnas on n\u00e4iteks vaja korraldada 9 j\u00e4\u00e4tmeveo\u202fhanget, millele\u202feelnevad\u202fk\u00e4itlushanked),\u202fmille ettevalmistamine ja riigihangete registris olev menetlus v\u00f5tab aega v\u00e4hemalt aasta.\u202fPakendij\u00e4\u00e4tmete\u202fveohangete korraldamine\u202feeldab lepingulist koost\u00f6\u00f6d taaskasutusorganisatsioonidega. K\u00f5ikidele osapooltele sobivate tingimuste v\u00e4ljat\u00f6\u00f6tamine on pooleli \u2013 koost\u00f6\u00f6lepet ei ole t\u00e4naseks valmis saanud veel \u00fckski kohalik omavalitsus.\u202fMitte \u00fckski.  <\/p>\n<p class=\"Paragraph SCXW96369085 BCX0\">Lisaks m\u00f5jutab pakendij\u00e4\u00e4tmete veo\u202fkorraldamine t\u00e4na kehtivaid lepinguid, sest uue s\u00fcsteemi j\u00e4rgi liigub vanapaber samuti pakendivoogu. T\u00e4na on aga vanapaberi kogumine\u202flepingutega kaetud\u202fning\u202fenne nende l\u00f5petamist kogumist korraldada ei saa.\u202f\u202f <\/p>\n","protected":false},"excerpt":{"rendered":"See v\u00e4ide on vale ja eksitav juba kasv\u00f5i seet\u00f5ttu, et pr\u00fcgiveo hinnad t\u00f5usevad 1. juulil mitte ainult Tallinnas,&hellip;\n","protected":false},"author":2,"featured_media":185355,"comment_status":"","ping_status":"","sticky":false,"template":"","format":"standard","meta":{"footnotes":"","_share_on_mastodon":"0"},"categories":[12],"tags":[26,27,37,33,35,34,36,31,32,21,10996,10262,3081,28,29,19,25,23,24,22,20,30,10535],"class_list":["post-185354","post","type-post","status-publish","format-standard","has-post-thumbnail","category-eesti","tag-breaking-news","tag-breakingnews","tag-ee","tag-eesti","tag-eesti-keel","tag-estonia","tag-estonian","tag-featured-news","tag-featurednews","tag-headlines","tag-jaatmereform","tag-jaatmevedu","tag-kliimaministeerium","tag-latest-news","tag-latestnews","tag-news","tag-populaarseimad-lood","tag-top-stories","tag-topstories","tag-uldised-uudised","tag-uudised","tag-viimased-uudised","tag-yoko-alender"],"share_on_mastodon":{"url":"https:\/\/pubeurope.com\/@ee\/116624680747123345","error":""},"_links":{"self":[{"href":"https:\/\/www.europesays.com\/ee\/wp-json\/wp\/v2\/posts\/185354","targetHints":{"allow":["GET"]}}],"collection":[{"href":"https:\/\/www.europesays.com\/ee\/wp-json\/wp\/v2\/posts"}],"about":[{"href":"https:\/\/www.europesays.com\/ee\/wp-json\/wp\/v2\/types\/post"}],"author":[{"embeddable":true,"href":"https:\/\/www.europesays.com\/ee\/wp-json\/wp\/v2\/users\/2"}],"replies":[{"embeddable":true,"href":"https:\/\/www.europesays.com\/ee\/wp-json\/wp\/v2\/comments?post=185354"}],"version-history":[{"count":0,"href":"https:\/\/www.europesays.com\/ee\/wp-json\/wp\/v2\/posts\/185354\/revisions"}],"wp:featuredmedia":[{"embeddable":true,"href":"https:\/\/www.europesays.com\/ee\/wp-json\/wp\/v2\/media\/185355"}],"wp:attachment":[{"href":"https:\/\/www.europesays.com\/ee\/wp-json\/wp\/v2\/media?parent=185354"}],"wp:term":[{"taxonomy":"category","embeddable":true,"href":"https:\/\/www.europesays.com\/ee\/wp-json\/wp\/v2\/categories?post=185354"},{"taxonomy":"post_tag","embeddable":true,"href":"https:\/\/www.europesays.com\/ee\/wp-json\/wp\/v2\/tags?post=185354"}],"curies":[{"name":"wp","href":"https:\/\/api.w.org\/{rel}","templated":true}]}}