{"id":185392,"date":"2026-05-23T16:40:08","date_gmt":"2026-05-23T16:40:08","guid":{"rendered":"https:\/\/www.europesays.com\/ee\/185392\/"},"modified":"2026-05-23T16:40:08","modified_gmt":"2026-05-23T16:40:08","slug":"tiitel-lahedal-kubassova-loi-varava-ja-ferencvaros-alustas-finaalseeriat-suure-voiduga-raamet-volkov-soccernet-ee","status":"publish","type":"post","link":"https:\/\/www.europesays.com\/ee\/185392\/","title":{"rendered":"Tiitel l\u00e4hedal: Kubassova l\u00f5i v\u00e4rava ja Ferencvaros alustas finaalseeriat suure v\u00f5iduga (+ R\u00e4\u00e4met, Volkov) &#8211; Soccernet.ee"},"content":{"rendered":"<p><img decoding=\"async\" src=\"https:\/\/www.europesays.com\/ee\/wp-content\/uploads\/2026\/05\/1779552383.jpg\" alt=\"Vlada Kubassova. Foto: Liisi Troska \/ jalgpall.ee\"\/>&#13;\n<\/p>\n<p>Eesti naiste koondise r\u00fcndaja Vlada Kubassova koduklubi Ferencvaros alustas Ungari k\u00f5rgliiga finaalseeriat 6:2 v\u00f5iduga Puskas Academy \u00fcle.<\/p>\n<p>Koduv\u00e4ljakul m\u00e4nginud Ferencvaros j\u00e4i juba kuuendal minutil kaotusseisu, aga j\u00f5udis avapoolaja keskel Kubassova v\u00e4ravast viigini. Teisel poolajal l\u00e4ks Ferencvaros oma teed, l\u00fc\u00fces 14 minutiga neli v\u00e4ravat ja asudes 5:1 juhtima. Seej\u00e4rel l\u00f5i Puskas Academy \u00fche v\u00e4rava vastu, aga l\u00f5pps\u00f5na j\u00e4i Ferencvarosele, kes vormistas l\u00f5ppseisuks 6:2. Ferencvarose algkoosseisu kuulunud ja \u00fche v\u00e4rava l\u00f6\u00f6nud Kubassova vahetati 88. minutil v\u00e4lja.&#13;\n<\/p>\n<p>Finaalseeria teine m\u00e4ng toimub 28. mail Puskas Academy koduv\u00e4ljakul. Kui Ferencvaros v\u00e4ldib suurt kaotust, siis nad kroonitakse Ungari meistriks. 2024. aasta alguses Ferencvarosega liitunud Kubassova jaoks oleks see kolmas Ungari meistritiitel.&#13;\n<\/p>\n<p>&#13;\n<\/p>\n<p>Siret R\u00e4\u00e4meti ja Jaanika Volkovi koduklubi LASK alistas Austria k\u00f5rgliiga viimases voorus kodus 2:0 S\u00fcdburgenlandi. R\u00e4\u00e4met sai kirja t\u00e4ism\u00e4ngu ja samuti algkoosseisu kuulunud Volkov vahetati 64. minutil v\u00e4lja. LASK l\u00f5petas hooaja k\u00fcmne naiskonna konkurentsis seitsmendal kohal, kaotades kuuendale kolme punktiga ja edestades kaheksandat 14 punktiga.<\/p>\n","protected":false},"excerpt":{"rendered":"&#13; Eesti naiste koondise r\u00fcndaja Vlada Kubassova koduklubi Ferencvaros alustas Ungari k\u00f5rgliiga finaalseeriat 6:2 v\u00f5iduga Puskas Academy \u00fcle.&hellip;\n","protected":false},"author":2,"featured_media":185393,"comment_status":"","ping_status":"","sticky":false,"template":"","format":"standard","meta":{"footnotes":"","_share_on_mastodon":"0"},"categories":[18],"tags":[37,33,35,34,36,1031,471,472,475,477,159,158,478],"class_list":["post-185392","post","type-post","status-publish","format-standard","has-post-thumbnail","category-sport","tag-ee","tag-eesti","tag-eesti-keel","tag-estonia","tag-estonian","tag-ferencvaros","tag-jaanika-volkov","tag-lask","tag-raamet","tag-siret-raamet","tag-sport","tag-sports","tag-volkov"],"share_on_mastodon":{"url":"https:\/\/pubeurope.com\/@ee\/116624885395557316","error":""},"_links":{"self":[{"href":"https:\/\/www.europesays.com\/ee\/wp-json\/wp\/v2\/posts\/185392","targetHints":{"allow":["GET"]}}],"collection":[{"href":"https:\/\/www.europesays.com\/ee\/wp-json\/wp\/v2\/posts"}],"about":[{"href":"https:\/\/www.europesays.com\/ee\/wp-json\/wp\/v2\/types\/post"}],"author":[{"embeddable":true,"href":"https:\/\/www.europesays.com\/ee\/wp-json\/wp\/v2\/users\/2"}],"replies":[{"embeddable":true,"href":"https:\/\/www.europesays.com\/ee\/wp-json\/wp\/v2\/comments?post=185392"}],"version-history":[{"count":0,"href":"https:\/\/www.europesays.com\/ee\/wp-json\/wp\/v2\/posts\/185392\/revisions"}],"wp:featuredmedia":[{"embeddable":true,"href":"https:\/\/www.europesays.com\/ee\/wp-json\/wp\/v2\/media\/185393"}],"wp:attachment":[{"href":"https:\/\/www.europesays.com\/ee\/wp-json\/wp\/v2\/media?parent=185392"}],"wp:term":[{"taxonomy":"category","embeddable":true,"href":"https:\/\/www.europesays.com\/ee\/wp-json\/wp\/v2\/categories?post=185392"},{"taxonomy":"post_tag","embeddable":true,"href":"https:\/\/www.europesays.com\/ee\/wp-json\/wp\/v2\/tags?post=185392"}],"curies":[{"name":"wp","href":"https:\/\/api.w.org\/{rel}","templated":true}]}}