{"id":185404,"date":"2026-05-23T17:05:07","date_gmt":"2026-05-23T17:05:07","guid":{"rendered":"https:\/\/www.europesays.com\/ee\/185404\/"},"modified":"2026-05-23T17:05:07","modified_gmt":"2026-05-23T17:05:07","slug":"zelenskoi-venemaa-valmistub-ukrainat-rundama-oresnikuga","status":"publish","type":"post","link":"https:\/\/www.europesays.com\/ee\/185404\/","title":{"rendered":"Zelensk\u00f5i: Venemaa valmistub Ukrainat r\u00fcndama Ore\u0161nikuga"},"content":{"rendered":"<p>Ukraina president Volod\u00f5m\u00f5r Zelensk\u00f5i teatas oma Telegrami kanalil, et Venemaa valmistub r\u00fcnnakuks Ukrainale, sealhulgas Kiievile, kasutades keskmaa raketis\u00fcsteemi <a rel=\"noopener nofollow\" target=\"_blank\" href=\"https:\/\/www.delfi.ee\/teema\/96865372\/oresnik\" tag-id=\"96865372\">Ore\u0161nik<\/a>, vahendab <a rel=\"noopener follow nofollow\" target=\"_blank\" href=\"https:\/\/meduza.io\/news\/2026\/05\/23\/zelenskiy-rossiya-gotovit-udar-oreshnikom-po-ukraine\" data-rel-date-range=\"[]\">Meduza<\/a>.<\/p>\n<p>\u201eMeie luureagentuur teatas: saime teavet, sealhulgas oma Ameerika ja Euroopa partneritelt, venelaste kohta, kes valmistuvad r\u00fcnnakuks Ore\u0161niku abil. Me kontrollime seda teavet.N\u00e4eme m\u00e4rke ettevalmistustest kombineeritud r\u00fcnnakuks Ukraina territooriumil, eriti Kiievis, kasutades mitmesuguseid relvi. Eelmainitud keskmise ulatusega relvad v\u00f5ivad olla osa sellisest r\u00fcnnakust,\u201c kirjutas Ukraina president. <\/p>\n<p class=\"SimpleBlock-module_p__7aRnT \">Zelensk\u00f5i kutsus Ukraina elanikke \u00fcles \u201ealates t\u00e4nasest \u00f5htust teadlikumalt \u00f5hur\u00fcnnaku sireenidele reageerima\u201c ja varjuma. President lisas, et Ukraina \u00f5hut\u00f5rje on valmis ja riik vastab igale Venemaa r\u00fcnnakule.<\/p>\n<p class=\"SimpleBlock-module_p__7aRnT \">P\u00e4ev varem s\u00fc\u00fcdistas Vladimir Putin Ukraina relvaj\u00f5ude \u201eterroristlikus r\u00fcnnakus\u201c Luhanski oblastis Venemaa kontrolli all olevas osas asuva Starobilski pedagoogikak\u00f5rgkooli \u00fchiselamule. Venemaa eriolukordade ministeeriumi andmetel hukkus r\u00fcnnakus 18 inimest. Venemaa president andis Venemaa kaitseministeeriumile korralduse \u201eesitada oma ettepanekud\u201c, kuidas sellele r\u00fcnnakule reageerida.<\/p>\n<p class=\"SimpleBlock-module_p__7aRnT \"> Venemaa relvaj\u00f5ud on teatanud, et kasutasid Ore\u0161nikut esmakordselt 2024. aasta novembris, kui nad sooritasid raketir\u00fcnnaku Dnepri j\u00f5ele. 2025. aasta detsembris teatas Venemaa kaitseministeerium, et Ore\u0161nik on asunud Valgevenes lahingteenistusse.<\/p>\n<p>Kuidas see lugu Sind end tundma pani? Saada <a href=\"https:\/\/www.delfi.ee\/artikkel\/120585854\/zelenskoi-venemaa-valmistub-ukrainat-rundama-oresnikuga\/kommentaarid\" class=\"article-body-bottom__comment article-body-bottom__comment--write button button--primary button--size-auto\" rel=\"nofollow noopener\" target=\"_blank\"> Kommenteeri <\/a><a href=\"https:\/\/www.delfi.ee\/artikkel\/120585854\/zelenskoi-venemaa-valmistub-ukrainat-rundama-oresnikuga\/kommentaarid\" class=\"article-body-bottom__comment article-body-bottom__comment--read button button--size-auto\" rel=\"nofollow noopener\" target=\"_blank\"> Loe kommentaare (24)<\/a><\/p>\n","protected":false},"excerpt":{"rendered":"Ukraina president Volod\u00f5m\u00f5r Zelensk\u00f5i teatas oma Telegrami kanalil, et Venemaa valmistub r\u00fcnnakuks Ukrainale, sealhulgas Kiievile, kasutades keskmaa raketis\u00fcsteemi&hellip;\n","protected":false},"author":2,"featured_media":185405,"comment_status":"","ping_status":"","sticky":false,"template":"","format":"standard","meta":{"footnotes":"","_share_on_mastodon":"0"},"categories":[80],"tags":[26,27,37,33,35,34,36,31,32,21,28,29,95,19,6990,25,107,23,24,22,20,30,92,93,94],"class_list":["post-185404","post","type-post","status-publish","format-standard","has-post-thumbnail","category-maailm","tag-breaking-news","tag-breakingnews","tag-ee","tag-eesti","tag-eesti-keel","tag-estonia","tag-estonian","tag-featured-news","tag-featurednews","tag-headlines","tag-latest-news","tag-latestnews","tag-maailm","tag-news","tag-oresnik","tag-populaarseimad-lood","tag-soda-ukrainas","tag-top-stories","tag-topstories","tag-uldised-uudised","tag-uudised","tag-viimased-uudised","tag-world","tag-world-news","tag-worldnews"],"share_on_mastodon":{"url":"https:\/\/pubeurope.com\/@ee\/116624983711506657","error":""},"_links":{"self":[{"href":"https:\/\/www.europesays.com\/ee\/wp-json\/wp\/v2\/posts\/185404","targetHints":{"allow":["GET"]}}],"collection":[{"href":"https:\/\/www.europesays.com\/ee\/wp-json\/wp\/v2\/posts"}],"about":[{"href":"https:\/\/www.europesays.com\/ee\/wp-json\/wp\/v2\/types\/post"}],"author":[{"embeddable":true,"href":"https:\/\/www.europesays.com\/ee\/wp-json\/wp\/v2\/users\/2"}],"replies":[{"embeddable":true,"href":"https:\/\/www.europesays.com\/ee\/wp-json\/wp\/v2\/comments?post=185404"}],"version-history":[{"count":0,"href":"https:\/\/www.europesays.com\/ee\/wp-json\/wp\/v2\/posts\/185404\/revisions"}],"wp:featuredmedia":[{"embeddable":true,"href":"https:\/\/www.europesays.com\/ee\/wp-json\/wp\/v2\/media\/185405"}],"wp:attachment":[{"href":"https:\/\/www.europesays.com\/ee\/wp-json\/wp\/v2\/media?parent=185404"}],"wp:term":[{"taxonomy":"category","embeddable":true,"href":"https:\/\/www.europesays.com\/ee\/wp-json\/wp\/v2\/categories?post=185404"},{"taxonomy":"post_tag","embeddable":true,"href":"https:\/\/www.europesays.com\/ee\/wp-json\/wp\/v2\/tags?post=185404"}],"curies":[{"name":"wp","href":"https:\/\/api.w.org\/{rel}","templated":true}]}}