{"id":185416,"date":"2026-05-23T17:25:18","date_gmt":"2026-05-23T17:25:18","guid":{"rendered":"https:\/\/www.europesays.com\/ee\/185416\/"},"modified":"2026-05-23T17:25:18","modified_gmt":"2026-05-23T17:25:18","slug":"ametlik-karl-jakob-hein-solmis-werderiga-pika-lepingu-ja-haaras-esikindad-backhaus-siirdus-freiburgi-soccernet-ee","status":"publish","type":"post","link":"https:\/\/www.europesays.com\/ee\/185416\/","title":{"rendered":"Ametlik: Karl Jakob Hein s\u00f5lmis Werderiga pika lepingu ja haaras esikindad (Backhaus siirdus Freiburgi!) &#8211; Soccernet.ee"},"content":{"rendered":"<p><img decoding=\"async\" src=\"https:\/\/www.europesays.com\/ee\/wp-content\/uploads\/2026\/05\/1779557118_150_1779431623.jpg\" alt=\"Karl Jakob Hein. Foto: Scanpix \/ Markus Fischer \/ picture alliance\"\/>&#13;\n<\/p>\n<p>Inglismaa meister Arsenal teatas, et Eesti koondise esikinnas Karl Jakob Hein liigub p\u00fcsiva \u00fclemineku alusel Bremeni Werderisse, kus ta t\u00e4navu laenulepingu alusel viibis. Lisaks sellele s\u00f5lmis seni Werderi esikindaid kandnud Mio Backhaus lepingu Freiburgiga. <\/p>\n<p>&#8220;T\u00e4name Karli tema panuse eest klubisse ning soovime talle Bremeni Werderis algavaks uueks peat\u00fckiks k\u00f5ike paremat,&#8221; seisab Arsenali ametlikus teates. Bremeni klubi aktiveeris Heina lepingus olnud v\u00e4ljaostuklausli ning soetas ta Inglismaa valitseva meistri k\u00e4est kolme miljoni euro eest.\u00a0&#13;\n<\/p>\n<p>&#8220;Karl t\u00f5estas juba eelmisel hooajal, et ta on tipptasemel v\u00e4ravavaht. Seet\u00f5ttu on meil hea meel, et l\u00e4heme ka uuele hooajale vastu tugeva esiv\u00e4ravavahiga,&#8221; r\u00e4\u00e4kis Werderi tegevdirektor Clemens Fritz Heinast. Eesti kindamees s\u00f5lmis Werderiga nelja aasta pikkuse lepingu, mis l\u00f5ppeb 2030. aasta juulis.\u00a0&#13;\n<\/p>\n<p>Hein tunnistas, et tal on Bremeni klubisse j\u00e4\u00e4mise \u00fcle hea meel. &#8220;Werder on \u00fcks Bundesliga suurimaid ja rikkama ajalooga klubisid. Olen end Bremenis ja Werderis tundnud koduselt juba esimesest p\u00e4evast saadik ning mul on v\u00e4ga hea meel, et saan ka edaspidi sellest klubist osa olla,&#8221; seisab klubi pressiteates.\u00a0<\/p>\n<blockquote class=\"instagram-media\" data-instgrm-captioned=\"\" data-instgrm-permalink=\"https:\/\/www.instagram.com\/p\/DYrUAykDPhZ\/?utm_source=ig_embed&amp;utm_campaign=loading\" data-instgrm-version=\"14\" style=\" background:#FFF; border:0; border-radius:3px; box-shadow:0 0 1px 0 rgba(0,0,0,0.5),0 1px 10px 0 rgba(0,0,0,0.15); margin: 1px; max-width:540px; min-width:326px; padding:0; width:99.375%; width:-webkit-calc(100% - 2px); width:calc(100% - 2px);\"><p>&#13;<br \/>\n&#13;\n<\/p><\/blockquote>\n<p>Lisaks sellele lahkus klubist ka senine esikinnas Backhaus, mis kinnitab, et eestlasest saab esinumber. Werderi tegemisi p\u00f5hjalikult kajastava v\u00e4ljaande DeichStube info kohaselt teenib Bremeni klubi tehinguga ligikaudu 15 miljonit eurot. Backhaus s\u00f5lmis Euroopa liiga finaalis 0:3 Aston Villale kaotanud Freiburgiga lepingu 2031. aastani. \u00dchtlasi oli tehing Freiburgi ajaloo suurim v\u00e4ljaminek.\u00a0&#13;\n<\/p>\n<p>&#8220;Mio lahkumine ei ole meie jaoks lihtne ei sportlikust ega isiklikust vaatenurgast,&#8221; tunnistas Fritz. &#8220;Mio tegi muljetavaldava esimese Bundesliga hooaja ning oli oma iseloomu t\u00f5ttu ka riietusruumis hindamatu m\u00e4ngija. Samas tegi Freiburg pakkumise, mis on Mio jaoks sportlikust aspektist v\u00e4ga atraktiivne ning meie jaoks rahaliselt \u00e4\u00e4rmiselt kasulik, mist\u00f5ttu saavad k\u00f5ik osapooled sellele \u00fcleminekule positiivselt vaadata.&#8221;&#13;\n<\/p>\n<p>Hein liitus Werderiga m\u00f6\u00f6dunud suvel laenulepingu alusel Arsenalist ning tegi kaasa k\u00f5igest kahes Bundesliga kohtumises M\u00fcncheni Bayerni (0:4 kaotus v\u00f5\u00f5rsil) ja St. Pauli vastu (1:0 v\u00f5it kodus). 24-aastane kindamees sai aga t\u00e4navu m\u00e4rtsis p\u00f6idlavigastuse, mis j\u00e4ttis ta hooaja l\u00f5puni platsilt k\u00f5rvale. N\u00fc\u00fcdseks on Hein klubi teatel t\u00e4ielikult taastunud.<\/p>\n<blockquote class=\"instagram-media\" data-instgrm-captioned=\"\" data-instgrm-permalink=\"https:\/\/www.instagram.com\/reel\/DYrOfAwM3-2\/?utm_source=ig_embed&amp;utm_campaign=loading\" data-instgrm-version=\"14\" style=\" background:#FFF; border:0; border-radius:3px; box-shadow:0 0 1px 0 rgba(0,0,0,0.5),0 1px 10px 0 rgba(0,0,0,0.15); margin: 1px; max-width:540px; min-width:326px; padding:0; width:99.375%; width:-webkit-calc(100% - 2px); width:calc(100% - 2px);\"><p>&#13;<br \/>\n&#13;\n<\/p><\/blockquote>\n<p>          <script async src=\"\/\/www.instagram.com\/embed.js\"><\/script><\/p>\n","protected":false},"excerpt":{"rendered":"&#13; Inglismaa meister Arsenal teatas, et Eesti koondise esikinnas Karl Jakob Hein liigub p\u00fcsiva \u00fclemineku alusel Bremeni Werderisse,&hellip;\n","protected":false},"author":2,"featured_media":185417,"comment_status":"","ping_status":"","sticky":false,"template":"","format":"standard","meta":{"footnotes":"","_share_on_mastodon":"0"},"categories":[18],"tags":[1610,526,37,33,35,34,36,532,536,3910,159,158],"class_list":["post-185416","post","type-post","status-publish","format-standard","has-post-thumbnail","category-sport","tag-arsenal","tag-bremeni-werder","tag-ee","tag-eesti","tag-eesti-keel","tag-estonia","tag-estonian","tag-hein","tag-karl-jakob-hein","tag-mio-backhaus","tag-sport","tag-sports"],"share_on_mastodon":{"url":"https:\/\/pubeurope.com\/@ee\/116625062618591606","error":""},"_links":{"self":[{"href":"https:\/\/www.europesays.com\/ee\/wp-json\/wp\/v2\/posts\/185416","targetHints":{"allow":["GET"]}}],"collection":[{"href":"https:\/\/www.europesays.com\/ee\/wp-json\/wp\/v2\/posts"}],"about":[{"href":"https:\/\/www.europesays.com\/ee\/wp-json\/wp\/v2\/types\/post"}],"author":[{"embeddable":true,"href":"https:\/\/www.europesays.com\/ee\/wp-json\/wp\/v2\/users\/2"}],"replies":[{"embeddable":true,"href":"https:\/\/www.europesays.com\/ee\/wp-json\/wp\/v2\/comments?post=185416"}],"version-history":[{"count":0,"href":"https:\/\/www.europesays.com\/ee\/wp-json\/wp\/v2\/posts\/185416\/revisions"}],"wp:featuredmedia":[{"embeddable":true,"href":"https:\/\/www.europesays.com\/ee\/wp-json\/wp\/v2\/media\/185417"}],"wp:attachment":[{"href":"https:\/\/www.europesays.com\/ee\/wp-json\/wp\/v2\/media?parent=185416"}],"wp:term":[{"taxonomy":"category","embeddable":true,"href":"https:\/\/www.europesays.com\/ee\/wp-json\/wp\/v2\/categories?post=185416"},{"taxonomy":"post_tag","embeddable":true,"href":"https:\/\/www.europesays.com\/ee\/wp-json\/wp\/v2\/tags?post=185416"}],"curies":[{"name":"wp","href":"https:\/\/api.w.org\/{rel}","templated":true}]}}