{"id":185639,"date":"2026-05-24T06:25:14","date_gmt":"2026-05-24T06:25:14","guid":{"rendered":"https:\/\/www.europesays.com\/ee\/185639\/"},"modified":"2026-05-24T06:25:14","modified_gmt":"2026-05-24T06:25:14","slug":"heldur-harry-polda-ooper-voiks-olla-vahem-elitaarne-muusika","status":"publish","type":"post","link":"https:\/\/www.europesays.com\/ee\/185639\/","title":{"rendered":"Heldur Harry P\u00f5lda: ooper v\u00f5iks olla v\u00e4hem elitaarne | Muusika"},"content":{"rendered":"<p>Ma k\u00f5ndisin siia nii, et unustasin k\u00f5rvaklapid maha ja m\u00f5tlesin terve tee, et ma ei suuda \u00fcldse ikka vaikuses olla. Kuidas sinuga on, kas sa kuulad kogu aeg midagi v\u00f5i pigem naudid seda, kui sa ei pea olema muusika sees?<\/p>\n<p>Ma kuulan muusikat v\u00e4ga palju. Kui on m\u00f5ni lavastus tulemas, siis kuulan selle erinevaid versioone ja salvestusi, j\u00e4lgin teiste interpretatsioone ja m\u00f5tlen, kuidas ise v\u00f5iks teha. Mingis m\u00f5ttes on see osa minu t\u00f6\u00f6st. Aga ma hoian ennast ka meelelahutuslikult heas vormis, kuulan erinevaid muusika\u017eanre.<\/p>\n<p>Tead ikka, kes on Kermo Murel ja Maria Kallastu?<\/p>\n<p>Jaa, mul ei j\u00e4\u00e4 muud \u00fcle, kui sellega kursis olla. Kui ma teen ka muul elualal t\u00f6\u00f6d, siis olen sunnitud nende lugudega kursis olema. Aga \u00fcldiselt k\u00f5ndides naudin ma pigem linnahelisid. Kuigi see on m\u00fcra, kuulan ma seda meelsamini, sest alati ei pea oma aju tuimestama mingi uue informatsiooniga. M\u00f5nikord tasub lihtsalt m\u00fcra kuulata.<\/p>\n<p>Sul on olnud \u00fclihea aeg. Eelmisel aastal said sa SEB publikupreemia ja Harjumaa teatripreemia, t\u00e4navu teatriauhinna. Kas sa tunned ise ka, et oled eriti heas hoos?<\/p>\n<p>Ma ei m\u00f5\u00f5da oma \u00f5nne nendes saavutustes ega m\u00f5tle sellele eriti. Aga muidugi, see annab tegelikult r\u00e4igelt juurde. See viimane teatripreemia n\u00e4iteks. Esiteks annab see teadmise, et sind m\u00e4rgatakse ja et oled mingisuguse rolliga hakkama saanud. Aga see annab ka v\u00f5imaluse m\u00f5elda, et oota, tegelikult vist oli jah midagi h\u00e4sti. Kui sa oled viis aastat j\u00e4rjest kogu aeg selle ratta peal, ei leidu eriti neid hetki, kus korra m\u00f5elda, et vau, ma olen just eelmised seitse rolli \u00e4ra teinud. Meie eestlastena ei tee seda \u00fcldse, aga seda on aeg-ajalt vaja. Seda on vaja selleks, et k\u00f5ik \u00fclevalpool korras p\u00fcsiks. Eriti sellistel erialadel, kus vaimne pool m\u00f5jutab nii palju su instrumenti.\u00a0<\/p>\n<p>Kui palju auhinnad omakorda pinget tekitavad? Publik m\u00f5tleb n\u00fc\u00fcd saalis, et see on ju see poiss, kes preemia sai.\u00a0<\/p>\n<p>Ma ei usu, et see mind eriti m\u00f5jutab. Ma teen samamoodi edasi, lihtsalt paremini. Minu eesm\u00e4rk on teha alati lihtsalt paremini.\u00a0<\/p>\n<p>Sul oli umbes kuu aja eest esietendus Vanemuises. Said laulda \u00fcht oma unistuste rolli, Alfredot &#8220;La Traviatas&#8221;. Kui kriitiline sa enda suhtes oled?<\/p>\n<p>Mulle meeldis see produktsioon ja mulle meeldis koost\u00f6\u00f6 kogu Soome-Rootsi lavastustiimiga. See oli huvitav kogemus, sest me tegime lavastust, mis korra on juba Soomes esietendunud ja juba valmis tehtud. P\u00f5him\u00f5tteliselt tulime kokku ja meil ei olnudki palju vaja teha. K\u00f5ik said aru, mis see joonis on. Hoopis teine kogemus sellest, kui lavastaja tuleb ja hakkame algusest peale kokku klopsima. Ja v\u00e4ga tore oli, et nad ei olnud \u00fcldse kinni selles Soome lavastuses, vaid v\u00f5tsid v\u00e4ga meie ideid ka kuulda. K\u00f5ik rollid on ju nii isiklikud. K\u00f5ik, mis aitab sul laval naturaalselt toimetada, on oluline.<\/p>\n<p>\u00dcks minu suurtest eesm\u00e4rkidest on, et publik ei vaataks mind kui v\u00e4lisobjekti, millega nad ei resoneeru, vaid n\u00e4eks laval inimest, kellega nad suudavad suhestuda. Mind h\u00e4irib kohutavalt kui n\u00e4itlemine on liiga &#8220;teater&#8221;, liiga kauge p\u00e4ris emotsioonist. Igasugused sarjad ja teatris k\u00e4imine on minu jaoks \u00fcks k\u00f5ige suuremad \u00f5pikud. Ma ei vaata teatrit nagu normaalne inimene, vaid anal\u00fc\u00fcsin s\u00fcgavalt, kuidas n\u00e4itleja oma t\u00f6\u00f6d teeb. Mingil m\u00e4\u00e4ral on see \u00f5nnetus, aga minu jaoks nii v\u00e4\u00e4rtuslik. Meil Eestis on nii palju h\u00e4id n\u00e4itlejaid. Nende pealt ma vaatan, kuidas see k\u00e4ib, ja siis \u00fcritan seda enda erialasse sisse pikkida.<\/p>\n<p><img decoding=\"async\" data-photo-id=\"3575818\" src=\"https:\/\/www.europesays.com\/ee\/wp-content\/uploads\/2026\/05\/3575818h0ecft24.jpg\"\/>Heldur Harry P\u00f5lda Autor\/allikas: Priit M\u00fcrk\/ERR<\/p>\n<p>Kuiv\u00f5rd ni\u0161itoode ooper praegu Eestis on?<\/p>\n<p>Mingil m\u00e4\u00e4ral on ta ju alati ni\u0161iasi olnud. Ta on alati olnud selline staatuse v\u00e4rk. Ja n\u00fc\u00fcdki oleme me mananud endale sellise kujutuse, et ooperit v\u00f5ib tarbida ainult \u00fclikonnas ja ainult siis, kui sa sellest midagi tead. Dressidega ooperis ju ei k\u00e4i ja see k\u00f5ik on ilus traditsioon. Aga minu meelest v\u00f5iks ooperit inimestele veidike l\u00e4hemale tuua k\u00fcll. Mujal maailmas ta on l\u00e4hemal, mulle tundub.<\/p>\n<p>Sa oled noor inimene. Mis sind hoiab selle \u00fcsnagi konservatiivse kunstivormi juures?<\/p>\n<p>Ma k\u00e4isin Linnateatris vaatamas etendust &#8220;K\u00e4itumisreeglid t\u00e4nap\u00e4eva \u00fchiskonnas&#8221;. P\u00e4ris hea monot\u00fckk. Seal ma m\u00f5tlesin, et esialgu tundub kohutavalt naljakas, kuidas kunagi eetika j\u00e4rgi k\u00e4ituti ja mis need reeglid olid. Aga mida jaburamaks see l\u00e4ks, seda rohkem sain aru, kui ilus see mingis m\u00f5ttes on. Samamoodi on ooperiga: ma ei ole kunagi tahtnud, et m\u00f5ni ooperilaul oleks Spotify edetabelis. Seda m\u00e4rki ei ole m\u00f5tet isegi sihtida. See on omamoodi ilus, et see on asi, mida k\u00f5ik ei oska, millest k\u00f5ik ei saa aru ja see ongi selle v\u00f5rra erilisem.<\/p>\n<p>Natuke salamaailm.<\/p>\n<p>Natuke on jah. Eriti hull on, kui keegi k\u00fcsib, mis t\u00f6\u00f6d sa teed, ja ma \u00fctlen, et olen ooperilaulja. Siis on see kohe t\u00e4iesti v\u00f5\u00f5ras asi. Justkui ilmuks ruumi keegi muu. Ma k\u00e4in ju tegelikult riides ka, nagu t\u00e4iesti tavaline vend.<\/p>\n<p>Suhtumine muutub?<\/p>\n<p>Jaa, ikka jah. Natuke tekib selline tunne, et ei osata kohe suhestuda, et sa r\u00e4\u00e4gid justkui mingit muud keelt. Aga tegelikult ju ei r\u00e4\u00e4gi.<\/p>\n<p>Mulle tundub, et sul on v\u00e4ga \u00f5nnelik elusaatus. Sa said v\u00e4ga varakult aru, mida tahad teha, oled sel alal ka andekas ja ainult \u00fclespoole liikunud. Kas sul on kunagi plaan B ka olnud?\u00a0<\/p>\n<p>Mu plaan B l\u00e4ks k\u00e4iku 15-aastaselt, kui mu h\u00e4\u00e4l murdus. Ma teadsin, et mulle laulmine meeldib, aga ma ei saa seda teha, sest h\u00e4\u00e4l ei ole enam seal, kus ta oli. Siis valisin endale erialaks koorijuhtimise. See oli minu esimene plaan B. Ja ilma, et ma oleks midagi otseselt ette v\u00f5tnud laulmisega, loksus asi iseenesest paika ja ma j\u00f5udsin lavadele tagasi. Muidugi on igasuguseid ahvatlusi olnud ja siiamaani ma m\u00f5tlen kogu aeg, et v\u00f5iks midagi juurde \u00f5ppida. Mind huvitavad nii paljud asjad ka v\u00e4ljaspool muusikat. Aga et ma selle p\u00f5hiasja enda jaoks leidsin, see oli suur \u00f5nnistus.<\/p>\n<p><img decoding=\"async\" data-photo-id=\"3575815\" src=\"https:\/\/www.europesays.com\/ee\/wp-content\/uploads\/2026\/05\/3575815h8552t24.jpg\"\/>Heldur Harry P\u00f5lda Autor\/allikas: Priit M\u00fcrk\/ERR<\/p>\n<p>Koorijuhtimist ei ole sa t\u00e4naseni j\u00e4tnud ja juhatad Tehnika\u00fclikooli Akadeemilist Meeskoori. Palju sina m\u00f5tled laulupidude tuleviku peale? Kui mures ses osas oled?<\/p>\n<p>Jaa, mina meeskoori dirigendina n\u00e4en otseselt koroonapandeemia tulemust. Aga ma ei \u00fctleks, et midagi hullu meil otseselt n\u00e4kku karjuks. N\u00fc\u00fcd tuleb lihtsalt t\u00f6\u00f6d teha ja uuesti see asi k\u00e4ima t\u00f5mmata. Me alustasime Valter Soosaluga meeskoori tegemist siis, kui koroona-pandeemia hakkas. Ehk see k\u00f5ige \u00f5nnetum aeg. Ei saanud proovi teha, ja kui saime, siis olid piirangud peal. L\u00f5puks meie kontserdid n\u00e4gidki v\u00e4lja nii, et meil oli 30 meest laval. N\u00fc\u00fcd tegime just oma 80. s\u00fcnnip\u00e4evakontserdi ja seal oli meil kokku rohkem kui 100 meest. Nii et k\u00f5ik on v\u00f5imalik.\u00a0<\/p>\n<p>Kas koorijuhtimise t\u00f6\u00f6 v\u00f5iks sulle ka p\u00f5hit\u00f6\u00f6na meeldida v\u00f5i ihkad eelk\u00f5ige ikkagi laval olla?<\/p>\n<p>Mulle meeldib see pedagoogiline aspekt seal ja tunnen, et mul on muusikaliselt midagi teistele anda. Aga oma p\u00f5hit\u00f6\u00f6ks ma seda ilmselt ikkagi teha ei saaks. Mul on vaja end laval v\u00e4lja elada ja teatrit teha.\u00a0 Koorijuhtimine p\u00f5hit\u00f6\u00f6na n\u00f5uab nii palju p\u00fchendumust ja sa pead t\u00f5esti kogu t\u00e4iega selles maailmas sees olema. Mul on suur austus nende suhtes, kes teevad viit koori korraga. Ma ei kujutaks ette.<\/p>\n<p>Sa \u00f5ppisid Londonis Guildhallis klassikalist laulu. Mis Eesti muusikaharidusest puudu oli, et sa sinna tahtsid minna?<\/p>\n<p>Ei olnudki midagi puudu, mul oli lihtsalt vaja korraks v\u00e4ljapoole \u00e4ra minna. Mul oli vaja keskkonnavahetust. Eestis oled sa algkoolis koos sama seltskonnaga, kellega l\u00f5puks ka t\u00f6\u00f6l. Ka tore! Aga mina tundsin, et kui mul on juba vedanud piisavalt, et olen sinna Londonisse sisse saanud, siis ei ole k\u00fcsimustki. Isegi, kui seal oli finantsiliselt ja muudmoodi raske olla.<\/p>\n<p>Ma ei tahaks kuidagi pisendada seda, mis meil siin on. Siin on v\u00e4ga h\u00e4id \u00f5petajaid ja tasemel haridus. Aga \u00e4ra k\u00e4ia on lihtsalt v\u00e4ga avardav. Lisaks sellele saad k\u00e4ia iga n\u00e4dal Covent Gardenis etendusi vaatamas. Neid v\u00f5imalusi siin ei ole. Estonias saab k\u00e4ia, aga Covent Gardenis ei saa. Ja p\u00e4rast on ka lihtsam. Kui ma Eestisse tagasi kolisin, siis oli koolist saadud t\u00f6\u00f6eetika v\u00e4ga paigas. Ma l\u00e4ksin ju kohe Estoniasse t\u00f6\u00f6le ja asjad olid selleks ajaks juba selged. Kui lavastusperiood tuli peale, siis ma teadsin kohe, mida teha.<\/p>\n<p>Kui erinev sealne t\u00f6\u00f6eetika meie omast on?<\/p>\n<p>Ei ole v\u00e4ga erinev. Kas midagi igatsen sealt? Ikka igatsen jah. Just selles m\u00f5ttes, kuidas asju tehti. Ikka nostalgitsen m\u00f5nikord selle \u00fcle, kuidas ma seal rattaga kooli s\u00f5itsin, tegin terve p\u00e4eva koolis t\u00f6\u00f6d, l\u00e4ksin \u00f5htul pubisse, valasin inimestele \u00f5lut ja siis j\u00e4lle kooli&#8230; kuigi tegelikult seda ma v\u00e4ga ei igatse. See oli ikka r\u00e4nk t\u00f6\u00f6.<\/p>\n<p><img decoding=\"async\" data-photo-id=\"3575776\" src=\"https:\/\/www.europesays.com\/ee\/wp-content\/uploads\/2026\/05\/3575776h16b4t24.jpg\"\/>Heldur Harry P\u00f5lda Autor\/allikas: Priit M\u00fcrk\/ERR<\/p>\n<p>Miks sa tagasi tulid? Miks sa ei tahtnud kohe sealt kuskile laia maailma laulma minna?<\/p>\n<p>Mul oli see v\u00f5imalus, aga seal oli mitu p\u00f5hjust. Ma olen v\u00e4ga eestimeelne, mulle meeldib elada kodus. Ja ma sain siin kohe t\u00f6\u00f6d ja teha reaalseid rolle. See oli see, mida ma tol hetkel vajasin. Tundus \u00f5ige valik ja ma siiamaani ei kahetse seda.<\/p>\n<p>Paar aastat p\u00e4rast seda tuli ka koroona ja siis oleksid k\u00f5ik need v\u00e4lismaa tegemised j\u00e4\u00e4nud p\u00e4ris seisma. Seal muutus olukord t\u00f6\u00f6 leidmisega ikka v\u00e4ga nukraks. Oleks vabalt v\u00f5inud olla nii, et olen viisteist aastat \u00f5ppinud, aga pole kuskil t\u00f6\u00f6d teinud.<\/p>\n<p>Kas sa praegu vahel m\u00f5tled sellele, et minna kuskile mujale?<\/p>\n<p>Kui v\u00f5imalus avaneb ja tingimused on head, siis k\u00fcll jah, ma olen n\u00f5us minema. Ma v\u00e4ga ootan, et mu elus selline moment tekiks. J\u00e4llegi, keskkonnavahetus oleks kasulik.\u00a0\u00a0<\/p>\n<p>Kuidas t\u00e4nap\u00e4eva Eestis ooperilaulja elab? \u00d5htul pubis enam ei pea t\u00f6\u00f6tama?<\/p>\n<p>Ei pea, otseselt. Aga mida ma viimasel ajal k\u00fcll m\u00f5tlen on see, et nii balletiartistidel kui ka ooperilauljatel oli kunagi pension. Ja minu meelest on natukene kurb, et meil enam ei ole v\u00f5imalik seda pensioni saada. Kuigi vabalt v\u00f5ib juhtuda nii, et ma olen viiek\u00fcmnene ja h\u00e4\u00e4l kaob \u00e4ra. Siis on minu ainukene v\u00f5imalus leida\u00a0 t\u00f6\u00f6d \u00f5petajana ja elada selle palga eest edasi. Balletiartisti teekond l\u00f5peb teatavasti veelgi varem.<\/p>\n<p>See on tegelikult reaalne mure. Mida see inimene peaks edasi tegema? Selle \u00fcle on mul k\u00fcll mure ja mitte ainult enda huvide m\u00f5ttes, vaid \u00fcle\u00fcldiselt. Kuidas me noortele neid asju maha m\u00fc\u00fcme, et meie kunstivormid oleks eluj\u00f5ulised?<\/p>\n<p>Sa oled ise \u00f6elnud, et kui oleksid teadnud, milline see kunstiinimese elu hakkab olema, oleksid l\u00e4inud programmeerimist \u00f5ppima.<\/p>\n<p>Jah, see on k\u00fcll karmilt \u00f6eldud, aga see on see reaalsus, mille peale peab m\u00f5tlema. Mul on kahju n\u00e4ha seda eriala ja ka balletiartisti eriala h\u00e4\u00e4bumas hobi tasandile. Hobikorras v\u00f5id seda teha, aga parem olgu sul mingi teine sissetulekuallikas ka. Sest k\u00f5ik inimesed, kes seda siin rahvusooperi kollases majas teevad, teevad seda s\u00fcdamega ja mingisuguse k\u00f5rgema asja nimel, kui paljalt tuluteenimine.<\/p>\n<p><img decoding=\"async\" data-photo-id=\"3575809\" src=\"https:\/\/www.europesays.com\/ee\/wp-content\/uploads\/2026\/05\/3575809h39c0t24.jpg\"\/>Heldur Harry P\u00f5lda Autor\/allikas: Priit M\u00fcrk\/ERR<\/p>\n<p>Millest sina viimati loobuma pidid rahapuuduse t\u00f5ttu?<\/p>\n<p>S\u00f6\u00f6gist. Kogu elu on lihtsalt kallimaks l\u00e4inud. On ikka mingisuguseid muudatusi pidanud tegema: ei s\u00f5ida nii palju autoga, ei telli nii palju koju s\u00fc\u00fca. Pigem on see mingite asjade v\u00e4hendamine siin ja seal. Kultuurit\u00f6\u00f6taja elu t\u00e4hendab, et tuleb targalt tegutseda ja investeerida siis, kui v\u00f5imalik.\u00a0<\/p>\n<p>Kui hoituna sa noore ooperilauljana tunned ennast t\u00e4nases Eestis? Kui v\u00e4\u00e4rtustatud teie t\u00f6\u00f6 on?<\/p>\n<p>Ikka v\u00f5rdlemisi hoituna. Maja sees on \u00f5hkkond v\u00e4ga hea. Aga h\u00e4\u00e4bumise v\u00e4ltimiseks peab hoidma seda leeki p\u00f5lemas. See t\u00f6\u00f6 peab olema piisavalt inspireeriv noore inimese jaoks ka, ja see saab juhtuda ainult l\u00e4bi selle, mis etendusi me teeme ja kuidas me neid teeme. Me ei saa igavesti j\u00e4\u00e4da tegema etendusi, mis on huvitavad ainult vanema kuulajaskonna jaoks. Meie lavastused peavad suhestuma ka nooremate inimestega.<\/p>\n<p>Kuidas sulle tundub, kas ooper peaks tegema noore publiku v\u00f5itmiseks mingeid j\u00e4releandmisi?<\/p>\n<p>Seda on nii raske m\u00f5\u00f5ta. Soomes on v\u00e4ga populaarsed ja kavalalt tehtud programmid just lastele. Lapsed k\u00e4ivad seal v\u00e4ga palju ooperis. Minu vennat\u00fctar n\u00e4iteks k\u00e4ib seal laagrites, kus lapsed kuulavad ooperit ja tantsivad selle j\u00e4rgi. Ma leian, et kuigi see on v\u00e4ga pikk plaan, siis nii oleks v\u00f5imalik tuua meile ka uut publikut. L\u00fchiajalises plaanis ma neid lahendusi ei n\u00e4e. See peab tulema juuretasandilt, v\u00e4ikeste asjade kaudu. Elitaarsus peab sealt \u00fcmbert ikkagi natuke \u00e4ra kaduma, ooper peab olema k\u00e4ttesaadav.<\/p>\n<p>Mis sa veel tahaksid kindlasti muusikamaailmas \u00e4ra teha?<\/p>\n<p>Ma tahaksin kindlasti avaldada oma albumi. Mitte konkreetselt k\u00fcll ooperivallas, aga see on \u00fcks asi, mis on t\u00fckk aega kuklas istunud. Ma ei ole seda saanud varem teha, sest nii palju muud tegemist on. Mis puudutab ooperit, siis tahaks veel laulda peaosasid, millest olen unistanud. &#8220;Toscat&#8221; n\u00e4iteks, mingit sellist klassikat.\u00a0<\/p>\n<p><img decoding=\"async\" data-photo-id=\"3575782\" src=\"https:\/\/www.europesays.com\/ee\/wp-content\/uploads\/2026\/05\/3575782h0164t24.jpg\"\/>Heldur Harry P\u00f5lda Autor\/allikas: Priit M\u00fcrk\/ERR<\/p>\n<p>Sa oled t\u00f5esti popmuusikat ju ka teinud. Kirjutanud lugusid nii Ingerile kui Sissile n\u00e4iteks. Kui palju sa selles maailmas veel tegutsed?\u00a0<\/p>\n<p>Ikka tegutsen. Mul on suur tahtmine teha oma b\u00e4ndiga asju edasi. Varsti tuleb v\u00e4lja \u00fcks lugu, mille ma ise arran\u017eeerisin, produtseerisin ja sisse laulsin. See on koost\u00f6\u00f6s \u00fche v\u00e4lismaa artisti Cody Fryga. Ta kirjutas loo nimega &#8220;Underground&#8221; ja ma hetkega armusin sellesse. Nii huvitav orkestreering, lihtsalt t\u00e4ielik geeniuse t\u00f6\u00f6. Kuulasin seda laulu miljon korda ja otsustasin, et tahan ise ka laulda. Kirjutasin Leelo Tunglale ja palusin tal see lugu \u00e4ra t\u00f5lkida, sest mulle meeldib popmuusikat eesti keeles esitada, eriti kui lugu on minu jaoks t\u00e4henduslik. Ja siis &#8220;Undergroundist&#8221; saigi lugu nimega &#8220;Maa all paos&#8221;. P\u00e4ris lahe lugu, tuleb \u00f5ige pea v\u00e4lja.<\/p>\n<p>Kui sa neid asju teed, kui palju seal ooperimaailma m\u00f5jusid juures on?<\/p>\n<p>Pigem on teatrim\u00f5jud. Ma n\u00e4en arran\u017eeeringuid v\u00e4ga visuaalsena. L\u00e4htun s\u00f5nadest, alati ei pea s\u00f5nu muusikaga kommenteerima. S\u00f5num inspireerib mind v\u00e4ga palju ja ma katsun muusikale dramaturgiliselt l\u00e4heneda. N\u00e4en muusikat l\u00e4bi teatri.\u00a0<\/p>\n<p><img decoding=\"async\" data-photo-id=\"2163436\" src=\"https:\/\/www.europesays.com\/ee\/wp-content\/uploads\/2025\/09\/2163436h6948t24.png\"\/><\/p>\n<p>Kultuuriportaali intervjuusari &#8220;ID&#8221; v\u00f5tab igal p\u00fchap\u00e4eval fookusesse \u00fche huvitava kultuuritegelase ja vaatab koos temaga Eesti kultuurimaastikku.<\/p>\n","protected":false},"excerpt":{"rendered":"Ma k\u00f5ndisin siia nii, et unustasin k\u00f5rvaklapid maha ja m\u00f5tlesin terve tee, et ma ei suuda \u00fcldse ikka&hellip;\n","protected":false},"author":2,"featured_media":185640,"comment_status":"","ping_status":"","sticky":false,"template":"","format":"standard","meta":{"footnotes":"","_share_on_mastodon":"0"},"categories":[16],"tags":[37,33,35,173,34,36,13074,5218,140,188],"class_list":["post-185639","post","type-post","status-publish","format-standard","has-post-thumbnail","category-meelelahutus","tag-ee","tag-eesti","tag-eesti-keel","tag-entertainment","tag-estonia","tag-estonian","tag-heldur-harry-polda","tag-id","tag-meelelahutus","tag-ooper"],"share_on_mastodon":{"url":"https:\/\/pubeurope.com\/@ee\/116628129710066951","error":""},"_links":{"self":[{"href":"https:\/\/www.europesays.com\/ee\/wp-json\/wp\/v2\/posts\/185639","targetHints":{"allow":["GET"]}}],"collection":[{"href":"https:\/\/www.europesays.com\/ee\/wp-json\/wp\/v2\/posts"}],"about":[{"href":"https:\/\/www.europesays.com\/ee\/wp-json\/wp\/v2\/types\/post"}],"author":[{"embeddable":true,"href":"https:\/\/www.europesays.com\/ee\/wp-json\/wp\/v2\/users\/2"}],"replies":[{"embeddable":true,"href":"https:\/\/www.europesays.com\/ee\/wp-json\/wp\/v2\/comments?post=185639"}],"version-history":[{"count":0,"href":"https:\/\/www.europesays.com\/ee\/wp-json\/wp\/v2\/posts\/185639\/revisions"}],"wp:featuredmedia":[{"embeddable":true,"href":"https:\/\/www.europesays.com\/ee\/wp-json\/wp\/v2\/media\/185640"}],"wp:attachment":[{"href":"https:\/\/www.europesays.com\/ee\/wp-json\/wp\/v2\/media?parent=185639"}],"wp:term":[{"taxonomy":"category","embeddable":true,"href":"https:\/\/www.europesays.com\/ee\/wp-json\/wp\/v2\/categories?post=185639"},{"taxonomy":"post_tag","embeddable":true,"href":"https:\/\/www.europesays.com\/ee\/wp-json\/wp\/v2\/tags?post=185639"}],"curies":[{"name":"wp","href":"https:\/\/api.w.org\/{rel}","templated":true}]}}