{"id":185658,"date":"2026-05-24T07:01:06","date_gmt":"2026-05-24T07:01:06","guid":{"rendered":"https:\/\/www.europesays.com\/ee\/185658\/"},"modified":"2026-05-24T07:01:06","modified_gmt":"2026-05-24T07:01:06","slug":"fotod-mastaapne-vene-raketirunnak-purustas-kiievis-elumaju-kiievi-oblastis-kasutati-ka-oresnikut","status":"publish","type":"post","link":"https:\/\/www.europesays.com\/ee\/185658\/","title":{"rendered":"FOTOD | Mastaapne Vene raketir\u00fcnnak purustas Kiievis elumaju, Kiievi oblastis kasutati ka Ore\u0161nikut"},"content":{"rendered":"<p>Hommikuks oli Kiievis ja selle regioonis teatatud v\u00e4hemalt kolmest hukkunust ja k\u00fcmnetest haavatud elanikest. <\/p>\n<p>Kiievi oblastis Bila Tserkva linnas tekitas kahju ka Venemaa uus mitme l\u00f5hkepeaga keskmaarakett <a rel=\"noopener nofollow\" target=\"_blank\" href=\"https:\/\/www.delfi.ee\/teema\/96865372\/oresnik\" tag-id=\"96865372\">Ore\u0161nik<\/a>, mille saabumisele j\u00e4rgnes mitu v\u00f5imsat plahvatust. Sihtm\u00e4rke ja kahju v\u00f5imud esialgu ei teatatud. Meedia teatel said drooni- ja raketil\u00f6\u00f6kide k\u00e4igus muu hulgas kannatada linna \u00e4rihooned ja garaa\u017eikooperatiiv.<\/p>\n<p>Hommikustel andmetel sai Kiievis mitu elumaja kannatada droonit\u00fckkide t\u00f5ttu, samuti h\u00e4vis otsetabamuse t\u00f5ttu \u00fcks osa viiekorruseline kortermaja trepikojast. Meedia teatel k\u00f5las pealinnas v\u00e4hemalt k\u00fcmme tugevat plahvatust. Kella 8 paiku oli pealinnas teatatud 44 haavatust ja \u00fchest hukkunust, Kiievi oblastis on hukkunud veel v\u00e4hemalt kaks inimest. Haiglaravi vajab 28 inimest, neist kaks last, kelle haavad on keskmise raskusega. Kolme haavatu olukord on t\u00f5sine.<\/p>\n<p>\u0160evt\u0161enko rajoonis h\u00e4vis p\u00f5lengus t\u00e4ielikult viiekorruseline maja, tabamuse sai ka kaks \u00fcheksakorruselist maja. \u00dcks tabamus toimus ka sama rajooni kooli juures asuva varjendi l\u00e4histel ning esialgsetel andmetel j\u00e4i varjendi sissep\u00e4\u00e4s varemete alla. Teises koolihoones puhkes droonil\u00f6\u00f6gi j\u00e4rel tulekahju. Tabamuse sai ka sama rajooni kaubanduskeskus, \u00fche 24-korruselise maja katusel tegid kahju droonit\u00fckid. Ka esimene teade hukkunust tuli \u0160evt\u0161enko rajoonist.<\/p>\n<p>Oboloni rajoonis toimus droonir\u00fcnnak 16-korruselise kortermaja vastu ning teine droonil\u00f6\u00f6k tabas samas rajoonis t\u00f6\u00f6stushoonet.<\/p>\n<p>\u00dche k\u00f5rghoone katus sai droonit\u00fckkidest pihta ka Darn\u00f5tsja rajoonis. Desna rajoonis tabas droonil\u00f6\u00f6k supermarketit ning Dnipro rajoonis eramaja, kus puhkes tulekahju. Pet\u0161erski rajoonis sai pihta 20-korruseline maja.<\/p>\n<p>Elukvartaleid pommitati ka k\u00f5igis seitsmes Kiievi oblasti rajoonis, kus said kannatada nii elumajad, \u00e4rihooned kui avalikud asutused. Hukkunutest teatatakse But\u0161a ja Obuhhivi rajoonis, Hastivi rajoonis on mitu vigastatut ja kannatada sai kohalik kliinik ning kool. Kokku on Kiievi oblastis teateid kahest hukkunust ja \u00fchekast haavatust, nende seas alla 1-aastane laps.<\/p>\n<p>Ohvreid on ka Sum\u00f5 linnas, kus sai laup\u00e4eva \u00f5htul tabamuse matuserongk\u00e4ik, hukkus \u00fcks inimene ja 14 teenistusel osalenut sai viga. Mujal Sum\u00f5s sai \u00f5htuses pommitamises haavata veel neli inimest. <\/p>\n<p>Kuidas see lugu Sind end tundma pani? Saada <a href=\"https:\/\/www.delfi.ee\/artikkel\/120585888\/fotod-mastaapne-vene-raketirunnak-purustas-kiievis-elumaju-kiievi-oblastis-kasutati-ka-oresnikut\/kommentaarid\" class=\"article-body-bottom__comment article-body-bottom__comment--write button button--primary button--size-auto\" rel=\"nofollow noopener\" target=\"_blank\"> Kommenteeri <\/a><a href=\"https:\/\/www.delfi.ee\/artikkel\/120585888\/fotod-mastaapne-vene-raketirunnak-purustas-kiievis-elumaju-kiievi-oblastis-kasutati-ka-oresnikut\/kommentaarid\" class=\"article-body-bottom__comment article-body-bottom__comment--read button button--size-auto\" rel=\"nofollow noopener\" target=\"_blank\"> Loe kommentaare (13)<\/a><\/p>\n","protected":false},"excerpt":{"rendered":"Hommikuks oli Kiievis ja selle regioonis teatatud v\u00e4hemalt kolmest hukkunust ja k\u00fcmnetest haavatud elanikest. Kiievi oblastis Bila Tserkva&hellip;\n","protected":false},"author":2,"featured_media":185659,"comment_status":"","ping_status":"","sticky":false,"template":"","format":"standard","meta":{"footnotes":"","_share_on_mastodon":"0"},"categories":[80],"tags":[26,27,37,33,35,34,36,31,32,21,28,29,95,19,6990,25,107,23,24,262,22,20,96,30,92,93,94],"class_list":["post-185658","post","type-post","status-publish","format-standard","has-post-thumbnail","category-maailm","tag-breaking-news","tag-breakingnews","tag-ee","tag-eesti","tag-eesti-keel","tag-estonia","tag-estonian","tag-featured-news","tag-featurednews","tag-headlines","tag-latest-news","tag-latestnews","tag-maailm","tag-news","tag-oresnik","tag-populaarseimad-lood","tag-soda-ukrainas","tag-top-stories","tag-topstories","tag-ukraina","tag-uldised-uudised","tag-uudised","tag-venemaa","tag-viimased-uudised","tag-world","tag-world-news","tag-worldnews"],"share_on_mastodon":{"url":"https:\/\/pubeurope.com\/@ee\/116628270779822054","error":""},"_links":{"self":[{"href":"https:\/\/www.europesays.com\/ee\/wp-json\/wp\/v2\/posts\/185658","targetHints":{"allow":["GET"]}}],"collection":[{"href":"https:\/\/www.europesays.com\/ee\/wp-json\/wp\/v2\/posts"}],"about":[{"href":"https:\/\/www.europesays.com\/ee\/wp-json\/wp\/v2\/types\/post"}],"author":[{"embeddable":true,"href":"https:\/\/www.europesays.com\/ee\/wp-json\/wp\/v2\/users\/2"}],"replies":[{"embeddable":true,"href":"https:\/\/www.europesays.com\/ee\/wp-json\/wp\/v2\/comments?post=185658"}],"version-history":[{"count":0,"href":"https:\/\/www.europesays.com\/ee\/wp-json\/wp\/v2\/posts\/185658\/revisions"}],"wp:featuredmedia":[{"embeddable":true,"href":"https:\/\/www.europesays.com\/ee\/wp-json\/wp\/v2\/media\/185659"}],"wp:attachment":[{"href":"https:\/\/www.europesays.com\/ee\/wp-json\/wp\/v2\/media?parent=185658"}],"wp:term":[{"taxonomy":"category","embeddable":true,"href":"https:\/\/www.europesays.com\/ee\/wp-json\/wp\/v2\/categories?post=185658"},{"taxonomy":"post_tag","embeddable":true,"href":"https:\/\/www.europesays.com\/ee\/wp-json\/wp\/v2\/tags?post=185658"}],"curies":[{"name":"wp","href":"https:\/\/api.w.org\/{rel}","templated":true}]}}