{"id":185784,"date":"2026-05-24T10:10:10","date_gmt":"2026-05-24T10:10:10","guid":{"rendered":"https:\/\/www.europesays.com\/ee\/185784\/"},"modified":"2026-05-24T10:10:10","modified_gmt":"2026-05-24T10:10:10","slug":"tallinna-tanavatelt-leiti-vaike-laps-poisi-vanemad-on-tuvastatud","status":"publish","type":"post","link":"https:\/\/www.europesays.com\/ee\/185784\/","title":{"rendered":"Tallinna t\u00e4navatelt leiti v\u00e4ike laps, poisi vanemad on tuvastatud"},"content":{"rendered":"<p class=\"x_MsoNormal\">T\u00e4na hommikul kella 10.30 paiku m\u00e4rkas t\u00e4helepanelik inimene Tallinnas S\u00f5le t\u00e4naval maja number 45 juures \u00fcksi k\u00f5ndimas umbes kahe aasta vanust poissi.<\/p>\n<p class=\"x_MsoNormal\">Lapsel ei olnud s\u00e4rki seljas ning jalas oli tal ainult \u00fcks kummik. Kui m\u00f6\u00f6duja hakkas uurima, et kus lapse vanemad v\u00f5i tema kodu on, siis neile k\u00fcsimustele ei osanud laps vastata. Seepeale helistas lapse leidnud inimene politseisse ning kuni patrulli saabumiseni lubas lapsel olla oma autos soojas.<\/p>\n<p class=\"x_MsoNormal\">\u00abPolitsei viis lapse igaks juhuks Lastehaiglasse, kus kontrolliti ta tervist ning \u00f5nneks on temaga k\u00f5ik h\u00e4sti, kuid m\u00f5istagi tahab ta tagasi koju,\u00bb s\u00f5nas politsei- ja piirivalveameti pressiesindaja.<\/p>\n<p class=\"x_MsoNormal\">\u00abKahjuks ei oska laps oma aadressi v\u00f5i nime \u00f6elda ning keegi ei ole siiani ka politsei poole p\u00f6\u00f6rdunud murega, et ta laps on kadunud. Seet\u00f5ttu palume k\u00f5igil, kes tunnevad pildi peal oleva v\u00e4ikese poisi \u00e4ra v\u00f5i teavad, kes on ta vanemad, v\u00f5tta \u00fchendust h\u00e4irekeskusega numbril 112.\u00bb<\/p>\n<p class=\"x_MsoNormal\">Pisut p\u00e4rast kella 13 andis politsei teada, et lapse vanemad on tuvastatud.<\/p>\n","protected":false},"excerpt":{"rendered":"T\u00e4na hommikul kella 10.30 paiku m\u00e4rkas t\u00e4helepanelik inimene Tallinnas S\u00f5le t\u00e4naval maja number 45 juures \u00fcksi k\u00f5ndimas umbes&hellip;\n","protected":false},"author":2,"featured_media":185785,"comment_status":"","ping_status":"","sticky":false,"template":"","format":"standard","meta":{"footnotes":"","_share_on_mastodon":"0"},"categories":[12],"tags":[26,27,37,33,35,34,36,31,32,21,1918,4017,28,29,19,25,4262,23,24,22,20,30],"class_list":["post-185784","post","type-post","status-publish","format-standard","has-post-thumbnail","category-eesti","tag-breaking-news","tag-breakingnews","tag-ee","tag-eesti","tag-eesti-keel","tag-estonia","tag-estonian","tag-featured-news","tag-featurednews","tag-headlines","tag-kadunud","tag-laps","tag-latest-news","tag-latestnews","tag-news","tag-populaarseimad-lood","tag-ppa","tag-top-stories","tag-topstories","tag-uldised-uudised","tag-uudised","tag-viimased-uudised"],"share_on_mastodon":{"url":"https:\/\/pubeurope.com\/@ee\/116629014121104945","error":""},"_links":{"self":[{"href":"https:\/\/www.europesays.com\/ee\/wp-json\/wp\/v2\/posts\/185784","targetHints":{"allow":["GET"]}}],"collection":[{"href":"https:\/\/www.europesays.com\/ee\/wp-json\/wp\/v2\/posts"}],"about":[{"href":"https:\/\/www.europesays.com\/ee\/wp-json\/wp\/v2\/types\/post"}],"author":[{"embeddable":true,"href":"https:\/\/www.europesays.com\/ee\/wp-json\/wp\/v2\/users\/2"}],"replies":[{"embeddable":true,"href":"https:\/\/www.europesays.com\/ee\/wp-json\/wp\/v2\/comments?post=185784"}],"version-history":[{"count":0,"href":"https:\/\/www.europesays.com\/ee\/wp-json\/wp\/v2\/posts\/185784\/revisions"}],"wp:featuredmedia":[{"embeddable":true,"href":"https:\/\/www.europesays.com\/ee\/wp-json\/wp\/v2\/media\/185785"}],"wp:attachment":[{"href":"https:\/\/www.europesays.com\/ee\/wp-json\/wp\/v2\/media?parent=185784"}],"wp:term":[{"taxonomy":"category","embeddable":true,"href":"https:\/\/www.europesays.com\/ee\/wp-json\/wp\/v2\/categories?post=185784"},{"taxonomy":"post_tag","embeddable":true,"href":"https:\/\/www.europesays.com\/ee\/wp-json\/wp\/v2\/tags?post=185784"}],"curies":[{"name":"wp","href":"https:\/\/api.w.org\/{rel}","templated":true}]}}