{"id":185827,"date":"2026-05-24T11:27:05","date_gmt":"2026-05-24T11:27:05","guid":{"rendered":"https:\/\/www.europesays.com\/ee\/185827\/"},"modified":"2026-05-24T11:27:05","modified_gmt":"2026-05-24T11:27:05","slug":"rezissoor-elo-selirand-telesaateid-tehes-laheb-iga-paev-midagi-vussi-vikerraadio","status":"publish","type":"post","link":"https:\/\/www.europesays.com\/ee\/185827\/","title":{"rendered":"Re\u017eiss\u00f6\u00f6r Elo Selirand: telesaateid tehes l\u00e4heb iga p\u00e4ev midagi vussi | Vikerraadio"},"content":{"rendered":"<p>Telere\u017eiss\u00f6\u00f6r, stsenarist ja kirjanik Elo Selirand r\u00e4\u00e4kis Vikerraadios, et pani raamatusse kirja k\u00f5ik l\u00f5busad lood, mis telesaateid tehes vussi l\u00e4heb ja vussi l\u00e4heb midagi iga p\u00e4ev. Seliranna s\u00f5nul on ta ka lootusetu s\u00fcsteemikriitik, kellele ETV juhte kritiseerides on \u00f6eldud, et oma hammastega ta endale haua kaevab.<\/p>\n<p>&#8220;Tulin raadiomajja 15-aastaselt ja alustasin noorteraadiost. J\u00e4tkasin t\u00f6\u00f6d helioperaatorina ja minu juurest k\u00e4isid l\u00e4bi k\u00f5ik inimesed, kes raadios saateid tegid. Ma n\u00e4gin neid sellest inimlikust k\u00fcljest, millest raadiokuulaja neid kunagi ei n\u00e4e. Telemajas olid palju v\u00e4hem v\u00e4rvikad inimesed kui raadios,&#8221; \u00fctles re\u017eiss\u00f6\u00f6r, stsenarist ja kirjanik Elo Selirand, kellel ilmus hiljuti raamat &#8220;Mata mu s\u00fcda telemajja&#8221;.<\/p>\n<p>Selirannaga koos tulid telemajja Anu V\u00e4lba, Andres Arro, Kalle K\u00e4esel, Aivo Spitsonik. &#8220;Meid v\u00f5eti tohutult h\u00e4sti vastu. M\u00e4letan, et ma ikka \u00fctlesin Mati Talvikule ja Reet Linnale, kuidas peab saateid tegema. T\u00e4na, kui ma olen juba vanem, ma m\u00f5tlen, et nad olid ikka v\u00e4ga tolerantsed, et nad mulle vastu hambaid ei andnud.&#8221;<\/p>\n<p>P\u00e4evikut ei ole Selirand kunagi kirjutanud, aga paari reaga on ta alati \u00fcles t\u00e4hendanud, kui midagi l\u00f5busat on juhtunud.<\/p>\n<p>Tele- ja raadiot\u00f6\u00f6 on suures osas meeskonnat\u00f6\u00f6. &#8220;Saatejuhid s\u00f5ltuvad v\u00e4ga palju kaadritagustest inimestest. Saatejuhi parim s\u00f5ber v\u00f5ib olla grimeerija, sest saatejuhi v\u00e4limus on v\u00e4ga oluline. Saatejuhi k\u00f5ige usaldusv\u00e4\u00e4rsem kontaktisik v\u00f5ib olla monteerija, kes on nagu halastaja\u00f5de, kelle juurde sa tuled viimases h\u00e4das ja kes saate elule aitab, kui saade on halvasti \u00fcles v\u00f5etud ja k\u00f5ik asjad on vussi l\u00e4inud,&#8221; t\u00f5des Selirand.<\/p>\n<p>Kuna raadiokuulaja ja televaatajani ei j\u00f5ua kunagi need asjad, mis vussi l\u00e4hevad, siis selleks Selirand need lood raamatusse kirja paningi. &#8220;Et meil l\u00e4heb tegelikult p\u00e4ris palju vussi ja me n\u00e4eme p\u00e4ris palju vaeva, et see k\u00f5ik \u00e4ra p\u00e4\u00e4sta,&#8221; muheles Selirand.<\/p>\n<p>&#8220;Inimesed on mu hobi. Kui ma l\u00e4hen v\u00f5\u00f5rasse seltskonda ja keegi r\u00e4\u00e4gib v\u00e4ga kirglikult oma t\u00f6\u00f6st, siis minu peas valmib juba \u00fcks telelugu ja \u00fcks raadisaade, \u00fcks v\u00f5imalik portreeklipike, sest mulle tundub, et see inimene on v\u00e4\u00e4rt tema avamist,&#8221; selgitas Selirand.<\/p>\n<p>Selirand on enda s\u00f5nul olnud alati ka lootusetu s\u00fcsteemikriitik, kes on arvanud, et l\u00e4bi aegade on ETV ja ERR juhid olnud asjatundmatud, kes ei saa p\u00e4ris h\u00e4sti aru, kui palju aega ja vahendeid saadete tegemine n\u00f5uab. &#8220;Mulle on ka \u00f6eldud, ja seda \u00fctles \u00fche kuulsa grimeerija vend, et oma hammastega sa endale haua kaevad. See \u00fctlemine on mind mu t\u00f6\u00f6s saatnud. Ma pean olema siiski aus ja \u00fctlema, et need juhid on olnud k\u00f5ik v\u00e4ga kenad inimesed ja pole k\u00f5ige selle eest, mida ma neile \u00f6elnud olen, mind lahti lasknud.&#8221;<\/p>\n","protected":false},"excerpt":{"rendered":"Telere\u017eiss\u00f6\u00f6r, stsenarist ja kirjanik Elo Selirand r\u00e4\u00e4kis Vikerraadios, et pani raamatusse kirja k\u00f5ik l\u00f5busad lood, mis telesaateid tehes&hellip;\n","protected":false},"author":2,"featured_media":185828,"comment_status":"","ping_status":"","sticky":false,"template":"","format":"standard","meta":{"footnotes":"","_share_on_mastodon":"0"},"categories":[12],"tags":[26,27,37,33,35,33836,34,36,31,32,21,28,29,74339,19,25,23,24,22,20,30],"class_list":["post-185827","post","type-post","status-publish","format-standard","has-post-thumbnail","category-eesti","tag-breaking-news","tag-breakingnews","tag-ee","tag-eesti","tag-eesti-keel","tag-elo-selirand","tag-estonia","tag-estonian","tag-featured-news","tag-featurednews","tag-headlines","tag-latest-news","tag-latestnews","tag-mata-mu-suda-telemajja","tag-news","tag-populaarseimad-lood","tag-top-stories","tag-topstories","tag-uldised-uudised","tag-uudised","tag-viimased-uudised"],"share_on_mastodon":{"url":"https:\/\/pubeurope.com\/@ee\/116629316984966028","error":""},"_links":{"self":[{"href":"https:\/\/www.europesays.com\/ee\/wp-json\/wp\/v2\/posts\/185827","targetHints":{"allow":["GET"]}}],"collection":[{"href":"https:\/\/www.europesays.com\/ee\/wp-json\/wp\/v2\/posts"}],"about":[{"href":"https:\/\/www.europesays.com\/ee\/wp-json\/wp\/v2\/types\/post"}],"author":[{"embeddable":true,"href":"https:\/\/www.europesays.com\/ee\/wp-json\/wp\/v2\/users\/2"}],"replies":[{"embeddable":true,"href":"https:\/\/www.europesays.com\/ee\/wp-json\/wp\/v2\/comments?post=185827"}],"version-history":[{"count":0,"href":"https:\/\/www.europesays.com\/ee\/wp-json\/wp\/v2\/posts\/185827\/revisions"}],"wp:featuredmedia":[{"embeddable":true,"href":"https:\/\/www.europesays.com\/ee\/wp-json\/wp\/v2\/media\/185828"}],"wp:attachment":[{"href":"https:\/\/www.europesays.com\/ee\/wp-json\/wp\/v2\/media?parent=185827"}],"wp:term":[{"taxonomy":"category","embeddable":true,"href":"https:\/\/www.europesays.com\/ee\/wp-json\/wp\/v2\/categories?post=185827"},{"taxonomy":"post_tag","embeddable":true,"href":"https:\/\/www.europesays.com\/ee\/wp-json\/wp\/v2\/tags?post=185827"}],"curies":[{"name":"wp","href":"https:\/\/api.w.org\/{rel}","templated":true}]}}