{"id":185901,"date":"2026-05-24T13:06:49","date_gmt":"2026-05-24T13:06:49","guid":{"rendered":"https:\/\/www.europesays.com\/ee\/185901\/"},"modified":"2026-05-24T13:06:49","modified_gmt":"2026-05-24T13:06:49","slug":"michal-kevadtormil-eesti-kaitsevoime-tugineb-puhendunud-inimestel","status":"publish","type":"post","link":"https:\/\/www.europesays.com\/ee\/185901\/","title":{"rendered":"Michal Kevadtormil: Eesti kaitsev\u00f5ime tugineb p\u00fchendunud inimestel"},"content":{"rendered":"<p>Peaminister Kristen Michal k\u00fclastas reedel kaitsev\u00e4e aasta suurimat \u00f5ppust Kevadtorm, kus m\u00e4rkis, et Eesti kaitsev\u00f5ime tugineb p\u00fchendunud inimestele ja tugevatele liitlassuhetele, kirjutab BNS.<\/p>\n<p>Michal\u00a0kohtus \u00f5ppusel osalevate tegevv\u00e4elaste, ajateenijate, reservv\u00e4elaste ja liitlas\u00fcksustega.<\/p>\n<p>Peaministri s\u00f5nul n\u00e4itab Kevadtorm Eesti kaitsev\u00f5ime tugevust: h\u00e4sti ette valmistatud \u00fcksusi, motiveeritud inimesi ja tihedat koost\u00f6\u00f6d liitlastega. \u201eMeie kaitsev\u00e4gi, \u00f5ppusele tulnud reservistid ja ajateenijad on tublid ja p\u00fchendunud Eesti kaitsev\u00f5ime tugevdamisele. Nende valmisolek ja vastutustunne annavad kindlust kogu Eesti \u00fchiskonnale,\u201c \u00fctles Michal.<\/p>\n<p>Peaminister r\u00f5hutas, et Eesti kaitsmine on \u00fchine pingutus, milles on oluline roll nii kaitsev\u00e4el, Kaitseliidul, reservv\u00e4elastel kui ka liitlastel. \u201eMe ei ole \u00fcksi. Liitlaste kohalolu ja panus Kevadtormil kinnitab taas, et Eesti julgeolek on osa laiemast kollektiivkaitsest. \u00dchine harjutamine tugevdab meie koostegutsemisv\u00f5imet ja heidutust,\u201c m\u00e4rkis peaminister.<\/p>\n<p>K\u00fclastus algas Taara linnakus, kus peaministri v\u00f5ttis vastu Kevadtormi korraldav ohvitser kindralmajor Indrek Sirel, kes andis \u00fclevaate \u00f5ppuse eesm\u00e4rkidest, k\u00e4igust ja osalevatest \u00fcksustest. Seej\u00e4rel k\u00fclastas peaminister \u00fcksusi V\u00f5ru-Antsla piirkonnas ning tutvus HIMARS-i suurt\u00fckipatarei tegevusega.<\/p>\n<p>Kevadtorm 2026 toimub 4. maist 1. juunini peamiselt P\u00f5lva-, Tartu-, Valga-, Viljandi- ja V\u00f5ru maakonnas ning Kirde-L\u00e4tis. \u00d5ppusest v\u00f5tavad osa maa-, \u00f5hu- ja merev\u00e4e \u00fcksused, sealhulgas 1. ja 2. jalav\u00e4ebrigaad, toetuse v\u00e4ejuhatus, k\u00fcberv\u00e4ejuhatus, \u00f5huv\u00e4gi, merev\u00e4gi ning teised kaitsev\u00e4e ja Kaitseliidu \u00fcksused.<\/p>\n<p>Liitlas- ja partnerriikidest osalevad \u00f5ppusel Ameerika \u00dchendriikide, Itaalia, Kanada, Leedu, L\u00e4ti, Madalmaade, Poola, Portugali, Prantsusmaa, Rootsi, Rumeenia, Saksamaa, Soome, Taani, T\u0161ehhi, Ukraina ja \u00dchendkuningriigi relvaj\u00f5udude esindajad.<\/p>\n<p>Kevadtorm on kaitsev\u00e4e selle aasta suurim \u00f5ppus, mille k\u00e4igus harjutatakse s\u00f5jaliste operatsioonide planeerimist ja elluviimist ning t\u00f5hustatakse koost\u00f6\u00f6d Eesti ja liitlasriikide \u00fcksuste vahel. \u00d5ppusel osalevad tegevv\u00e4elased, ajateenijad, reservv\u00e4elased, kaitseliitlased ning liitlas- ja partnerriikide s\u00f5durid.<\/p>\n","protected":false},"excerpt":{"rendered":"Peaminister Kristen Michal k\u00fclastas reedel kaitsev\u00e4e aasta suurimat \u00f5ppust Kevadtorm, kus m\u00e4rkis, et Eesti kaitsev\u00f5ime tugineb p\u00fchendunud inimestele&hellip;\n","protected":false},"author":2,"featured_media":185902,"comment_status":"","ping_status":"","sticky":false,"template":"","format":"standard","meta":{"footnotes":"","_share_on_mastodon":"0"},"categories":[12],"tags":[26,27,37,33,36901,35,34,36,31,32,21,6627,8168,2645,35066,646,28,29,33753,19,8169,25,23,24,22,20,30],"class_list":["post-185901","post","type-post","status-publish","format-standard","has-post-thumbnail","category-eesti","tag-breaking-news","tag-breakingnews","tag-ee","tag-eesti","tag-eesti-kaitsevoime","tag-eesti-keel","tag-estonia","tag-estonian","tag-featured-news","tag-featurednews","tag-headlines","tag-himars","tag-kaitseliit","tag-kaitsevagi","tag-kevadtorm","tag-kristen-michal","tag-latest-news","tag-latestnews","tag-liitlassuhted","tag-news","tag-oppus","tag-populaarseimad-lood","tag-top-stories","tag-topstories","tag-uldised-uudised","tag-uudised","tag-viimased-uudised"],"share_on_mastodon":{"url":"https:\/\/pubeurope.com\/@ee\/116629710161393789","error":""},"_links":{"self":[{"href":"https:\/\/www.europesays.com\/ee\/wp-json\/wp\/v2\/posts\/185901","targetHints":{"allow":["GET"]}}],"collection":[{"href":"https:\/\/www.europesays.com\/ee\/wp-json\/wp\/v2\/posts"}],"about":[{"href":"https:\/\/www.europesays.com\/ee\/wp-json\/wp\/v2\/types\/post"}],"author":[{"embeddable":true,"href":"https:\/\/www.europesays.com\/ee\/wp-json\/wp\/v2\/users\/2"}],"replies":[{"embeddable":true,"href":"https:\/\/www.europesays.com\/ee\/wp-json\/wp\/v2\/comments?post=185901"}],"version-history":[{"count":0,"href":"https:\/\/www.europesays.com\/ee\/wp-json\/wp\/v2\/posts\/185901\/revisions"}],"wp:featuredmedia":[{"embeddable":true,"href":"https:\/\/www.europesays.com\/ee\/wp-json\/wp\/v2\/media\/185902"}],"wp:attachment":[{"href":"https:\/\/www.europesays.com\/ee\/wp-json\/wp\/v2\/media?parent=185901"}],"wp:term":[{"taxonomy":"category","embeddable":true,"href":"https:\/\/www.europesays.com\/ee\/wp-json\/wp\/v2\/categories?post=185901"},{"taxonomy":"post_tag","embeddable":true,"href":"https:\/\/www.europesays.com\/ee\/wp-json\/wp\/v2\/tags?post=185901"}],"curies":[{"name":"wp","href":"https:\/\/api.w.org\/{rel}","templated":true}]}}