{"id":185941,"date":"2026-05-24T14:00:26","date_gmt":"2026-05-24T14:00:26","guid":{"rendered":"https:\/\/www.europesays.com\/ee\/185941\/"},"modified":"2026-05-24T14:00:26","modified_gmt":"2026-05-24T14:00:26","slug":"rosin-cnn-ile-putinil-ei-pruugi-lahiajal-rahulabiraakimistes-jouolga-olla-valismaa","status":"publish","type":"post","link":"https:\/\/www.europesays.com\/ee\/185941\/","title":{"rendered":"Rosin CNN-ile: Putinil ei pruugi l\u00e4hiajal rahul\u00e4bir\u00e4\u00e4kimistes j\u00f5u\u00f5lga olla | V\u00e4lismaa"},"content":{"rendered":"<p>Venemaa president Vladimir Putinil ei pruugi enam j\u00e4rgneva nelja-viie kuu jooksul rahul\u00e4bir\u00e4\u00e4kimistes Ukrainaga j\u00f5u\u00f5lga, \u00fctles v\u00e4lisluureameti (VLA) juht Kaupo Rosin USA v\u00e4ljaandele CNN.<\/p>\n<p>Rosin \u00fctles <a href=\"https:\/\/edition.cnn.com\/2026\/05\/23\/europe\/russia-battlefield-losses-pressure-estonia-spy-chief-intl\" target=\"_blank\" rel=\"noopener nofollow\">intervjuus CNN-ile<\/a>, et Putini ei pruugi enam j\u00e4rgneva nelja-viie kuu jooksul olla rahul\u00e4bir\u00e4\u00e4kimistel j\u00f5u\u00f5lga.<\/p>\n<p>&#8220;Aeg ei m\u00e4ngi Venemaa kasuks,&#8221; \u00fctles VLA juht v\u00e4ljaandele ning loetles, et p\u00f5hjust leiab nii s\u00f5jatandrilt, Venemaa majandusolukorrast ning riigi sotsiaalsetest probleemidest.<\/p>\n<p>&#8220;Viimasel ajal ei kuule ma enam juttu absoluutsest v\u00f5idust. Inimesed [Kremlis] saavad aru, et olukord Ukraina lahingrindel ei ole k\u00f5ige parem,&#8221; lisas Rosin.<\/p>\n<p>USA v\u00e4lisminister Marco Rubio s\u00f5nul sureb Ukrainas praegu iga kuu 15 000 kuni 20 000 Vene s\u00f5jav\u00e4elast, mida on enam kui nad juurde suudavad v\u00e4rvata.<\/p>\n<p>Selle tagaj\u00e4rjel on \u00fcks v\u00f5imalik lahendus, et Kreml kuulutab v\u00e4lja laialdasema mobilisatsiooni, mida aga pigem teha ei soovita.<\/p>\n<p>&#8220;Kui venelased suudaksid mobiliseerida veel m\u00f5nisada tuhat s\u00f5durit, oleks see [Ukrainale] probleem,&#8221; \u00fctles Rosin CNN-ile ja lisas, et samal ajal tekitaks see riigis sisepingeid.<\/p>\n<p>Isegi kui Vene v\u00e4ed rindel edasi liikuda ei suuda, j\u00e4\u00e4b Putin s\u00f5jale kindlaks.<\/p>\n<p>&#8220;Nad proovivad j\u00e4rgmise talve teha ukrainlaste jaoks v\u00e4hemalt sama raskeks kui see oli [eelmine aasta]. Kui ta [Putin] ei suuda oma eesm\u00e4rke saavutada s\u00f5jaliste vahenditega, siis ta proovib kindlasti oma eesm\u00e4rke l\u00e4bi viia teistsuguste vahenditega, et saada Kievisse venemeelne valitsus,&#8221; \u00fctles Rosin.<\/p>\n<p>Luurejuhi s\u00f5nul on s\u00f5da Ukrainas n\u00fc\u00fcd j\u00f5udnud ka venelaste kodu\u00f5uele, mida t\u00f5endavad droonitabamused Venemaal.<\/p>\n<p>Kuidas ja kas l\u00e4hiaja s\u00f5jas\u00fcndmused Putinit m\u00f5jutanud on, teada pole.<\/p>\n<p>&#8220;Ukraina k\u00fcsimus on tema jaoks nii ideoloogiline, nii et ilmselt ei ole tal lihtne oma arvamust muuta,&#8221; lausus Rosin.<\/p>\n","protected":false},"excerpt":{"rendered":"Venemaa president Vladimir Putinil ei pruugi enam j\u00e4rgneva nelja-viie kuu jooksul rahul\u00e4bir\u00e4\u00e4kimistes Ukrainaga j\u00f5u\u00f5lga, \u00fctles v\u00e4lisluureameti (VLA) juht&hellip;\n","protected":false},"author":2,"featured_media":185942,"comment_status":"","ping_status":"","sticky":false,"template":"","format":"standard","meta":{"footnotes":"","_share_on_mastodon":"0"},"categories":[80],"tags":[26,27,13725,37,33,35,34,36,31,32,21,50194,28,29,95,19,25,23,24,22,20,8818,30,661,92,93,94],"class_list":["post-185941","post","type-post","status-publish","format-standard","has-post-thumbnail","category-maailm","tag-breaking-news","tag-breakingnews","tag-cnn","tag-ee","tag-eesti","tag-eesti-keel","tag-estonia","tag-estonian","tag-featured-news","tag-featurednews","tag-headlines","tag-kaupo-rosin","tag-latest-news","tag-latestnews","tag-maailm","tag-news","tag-populaarseimad-lood","tag-top-stories","tag-topstories","tag-uldised-uudised","tag-uudised","tag-valisluureamet","tag-viimased-uudised","tag-vladimir-putin","tag-world","tag-world-news","tag-worldnews"],"share_on_mastodon":{"url":"https:\/\/pubeurope.com\/@ee\/116629918524533239","error":""},"_links":{"self":[{"href":"https:\/\/www.europesays.com\/ee\/wp-json\/wp\/v2\/posts\/185941","targetHints":{"allow":["GET"]}}],"collection":[{"href":"https:\/\/www.europesays.com\/ee\/wp-json\/wp\/v2\/posts"}],"about":[{"href":"https:\/\/www.europesays.com\/ee\/wp-json\/wp\/v2\/types\/post"}],"author":[{"embeddable":true,"href":"https:\/\/www.europesays.com\/ee\/wp-json\/wp\/v2\/users\/2"}],"replies":[{"embeddable":true,"href":"https:\/\/www.europesays.com\/ee\/wp-json\/wp\/v2\/comments?post=185941"}],"version-history":[{"count":0,"href":"https:\/\/www.europesays.com\/ee\/wp-json\/wp\/v2\/posts\/185941\/revisions"}],"wp:featuredmedia":[{"embeddable":true,"href":"https:\/\/www.europesays.com\/ee\/wp-json\/wp\/v2\/media\/185942"}],"wp:attachment":[{"href":"https:\/\/www.europesays.com\/ee\/wp-json\/wp\/v2\/media?parent=185941"}],"wp:term":[{"taxonomy":"category","embeddable":true,"href":"https:\/\/www.europesays.com\/ee\/wp-json\/wp\/v2\/categories?post=185941"},{"taxonomy":"post_tag","embeddable":true,"href":"https:\/\/www.europesays.com\/ee\/wp-json\/wp\/v2\/tags?post=185941"}],"curies":[{"name":"wp","href":"https:\/\/api.w.org\/{rel}","templated":true}]}}