{"id":186010,"date":"2026-05-24T15:53:11","date_gmt":"2026-05-24T15:53:11","guid":{"rendered":"https:\/\/www.europesays.com\/ee\/186010\/"},"modified":"2026-05-24T15:53:11","modified_gmt":"2026-05-24T15:53:11","slug":"mitmekesisust-toetav-wise-andis-kandidaadile-eitava-vastuse-tema-konehaire-tottu","status":"publish","type":"post","link":"https:\/\/www.europesays.com\/ee\/186010\/","title":{"rendered":"Mitmekesisust toetav Wise andis kandidaadile eitava vastuse tema k\u00f5neh\u00e4ire t\u00f5ttu"},"content":{"rendered":"<p>Sofjina kandideeris Wise\u2019i tehnilise toe inseneri (technical support engineer) ametikohale. Tema s\u00f5nul eeldab see roll peamiselt API probleemide uurimist ja lahendamist klienditoe platvormide kaudu, mitte igap\u00e4evast suulist kliendisuhtlust.<\/p>\n<p class=\"ng-star-inserted\">Kandidaadina l\u00e4bis ta edukalt proovi\u00fclesande ja vestlusvooru meeskonnaga. V\u00e4rbajalt saadud tagasisides m\u00e4rgiti Sofjinale aga, et kuigi tema tehnilised oskused ja kirg on ettev\u00f5ttele sobivad, sai takistuseks suhtlus.<\/p>\n<p>Oled juba tellija?Logi sisse<\/p>\n<p><a href=\"https:\/\/arileht.delfi.ee\/a\/120585593\/mitmekesisust-toetav-wise-andis-kandidaadile-eitava-vastuse-tema-konehaire-tottu\/kommentaarid\" class=\"article-body-bottom__comment article-body-bottom__comment--write button button--primary button--size-auto\" rel=\"nofollow noopener\" target=\"_blank\"> Kommenteeri <\/a><a href=\"https:\/\/arileht.delfi.ee\/a\/120585593\/mitmekesisust-toetav-wise-andis-kandidaadile-eitava-vastuse-tema-konehaire-tottu\/kommentaarid\" class=\"article-body-bottom__comment article-body-bottom__comment--read button button--size-auto\" rel=\"nofollow noopener\" target=\"_blank\"> Loe kommentaare (29)<\/a><\/p>\n","protected":false},"excerpt":{"rendered":"Sofjina kandideeris Wise\u2019i tehnilise toe inseneri (technical support engineer) ametikohale. Tema s\u00f5nul eeldab see roll peamiselt API probleemide&hellip;\n","protected":false},"author":2,"featured_media":186011,"comment_status":"","ping_status":"","sticky":false,"template":"","format":"standard","meta":{"footnotes":"","_share_on_mastodon":"0"},"categories":[5],"tags":[26,27,19352,37,33,35,34,36,31,32,21,81231,28,29,19,25,23,24,22,20,1932,30,18624],"class_list":["post-186010","post","type-post","status-publish","format-standard","has-post-thumbnail","category-uldised-uudised","tag-breaking-news","tag-breakingnews","tag-diskrimineerimine","tag-ee","tag-eesti","tag-eesti-keel","tag-estonia","tag-estonian","tag-featured-news","tag-featurednews","tag-headlines","tag-konehaire","tag-latest-news","tag-latestnews","tag-news","tag-populaarseimad-lood","tag-top-stories","tag-topstories","tag-uldised-uudised","tag-uudised","tag-varbamine","tag-viimased-uudised","tag-wise"],"share_on_mastodon":{"url":"https:\/\/pubeurope.com\/@ee\/116630362734231906","error":""},"_links":{"self":[{"href":"https:\/\/www.europesays.com\/ee\/wp-json\/wp\/v2\/posts\/186010","targetHints":{"allow":["GET"]}}],"collection":[{"href":"https:\/\/www.europesays.com\/ee\/wp-json\/wp\/v2\/posts"}],"about":[{"href":"https:\/\/www.europesays.com\/ee\/wp-json\/wp\/v2\/types\/post"}],"author":[{"embeddable":true,"href":"https:\/\/www.europesays.com\/ee\/wp-json\/wp\/v2\/users\/2"}],"replies":[{"embeddable":true,"href":"https:\/\/www.europesays.com\/ee\/wp-json\/wp\/v2\/comments?post=186010"}],"version-history":[{"count":0,"href":"https:\/\/www.europesays.com\/ee\/wp-json\/wp\/v2\/posts\/186010\/revisions"}],"wp:featuredmedia":[{"embeddable":true,"href":"https:\/\/www.europesays.com\/ee\/wp-json\/wp\/v2\/media\/186011"}],"wp:attachment":[{"href":"https:\/\/www.europesays.com\/ee\/wp-json\/wp\/v2\/media?parent=186010"}],"wp:term":[{"taxonomy":"category","embeddable":true,"href":"https:\/\/www.europesays.com\/ee\/wp-json\/wp\/v2\/categories?post=186010"},{"taxonomy":"post_tag","embeddable":true,"href":"https:\/\/www.europesays.com\/ee\/wp-json\/wp\/v2\/tags?post=186010"}],"curies":[{"name":"wp","href":"https:\/\/api.w.org\/{rel}","templated":true}]}}